{"id":6506,"date":"2026-09-02T04:40:16","date_gmt":"2026-09-02T04:40:16","guid":{"rendered":"https:\/\/cinemadautomne.fr\/?p=6506"},"modified":"2026-09-02T04:40:17","modified_gmt":"2026-09-02T04:40:17","slug":"exposition","status":"publish","type":"post","link":"https:\/\/cinemadautomne.fr\/?p=6506","title":{"rendered":"EXPOSITION"},"content":{"rendered":"\n<p class=\"has-ast-global-color-8-color has-text-color has-link-color wp-elements-2b33955766804ac50d9cab6cc51fce7c\"><strong>ULRICH LEBEUF<\/strong><\/p>\n\n\n\n<p class=\"has-ast-global-color-8-color has-text-color has-link-color wp-elements-506082f5f528d2b7f9709544e5010238\"><strong>Photographe de plateau \u2014 La m\u00e9moire du cin\u00e9ma<\/strong><\/p>\n\n\n\n<p class=\"has-ast-global-color-8-color has-text-color has-link-color wp-elements-a41ba0996c6d05f7be27e75ee1e5f60e\">Le cin\u00e9ma se fabrique aussi dans les silences, entre deux prises, dans un regard, un geste ou une lumi\u00e8re.<\/p>\n\n\n\n<p class=\"has-ast-global-color-8-color has-text-color has-link-color wp-elements-40d9b37d98b4eb2f05ecf449e5d20d99\">Photographe et directeur artistique du festival MAP \u00e0 Toulouse, <strong>Ulrich Lebeuf<\/strong> partage depuis des ann\u00e9es son exp\u00e9rience avec de nouvelles g\u00e9n\u00e9rations de photographes.<\/p>\n\n\n\n<p class=\"has-ast-global-color-8-color has-text-color has-link-color wp-elements-3f587269e36a41e4af1a986267a43934\">Son autre regard se construit au c\u0153ur des tournages, au plus pr\u00e8s de celles et ceux qui fabriquent les films.<\/p>\n\n\n\n<p class=\"has-ast-global-color-8-color has-text-color has-link-color wp-elements-1cc5f34745d2a42bfbd851f5027f555c\">Silencieux t\u00e9moin, il saisit les gestes, les regards, les lumi\u00e8res et les instants suspendus.<\/p>\n\n\n\n<p class=\"has-ast-global-color-8-color has-text-color has-link-color wp-elements-0f5a166ef1d7dc74016176b83cae4ab7\">Ses photographies d\u00e9passent le simple souvenir du \u00ab making-of \u00bb pour devenir une v\u00e9ritable \u00e9criture sensible.<\/p>\n\n\n\n<p class=\"has-ast-global-color-8-color has-text-color has-link-color wp-elements-2625793421d61cc41413b008d88af397\">Elles d\u00e9voilent la po\u00e9sie fragile de la cr\u00e9ation, l\u00e0 o\u00f9 les histoires prennent forme.<\/p>\n\n\n\n<p class=\"has-ast-global-color-8-color has-text-color has-link-color wp-elements-23e17a785c989bd1876ec9f333f2a1f8\">Chaque image rend hommage aux acteurs, aux techniciens et \u00e0 tous les artisans du septi\u00e8me art.<\/p>\n\n\n\n<p class=\"has-ast-global-color-8-color has-text-color has-link-color wp-elements-ec54d00ad955f88e20a939c11df34227\">Entre rigueur, \u00e9motion et lumi\u00e8re, son objectif r\u00e9v\u00e8le l\u2019humanit\u00e9 cach\u00e9e derri\u00e8re la mise en sc\u00e8ne.<\/p>\n\n\n\n<p class=\"has-ast-global-color-8-color has-text-color has-link-color wp-elements-a6693b0730a25606fe58c02b07f7ef82\"><strong>Une fen\u00eatre intime sur la magie d\u2019un film en train de na\u00eetre.<\/strong><\/p>\n\n\n\n<p class=\"has-ast-global-color-8-color has-text-color has-link-color wp-elements-82703ad2a1b72725e01dc1c6a3947ce5\">Chaque photographie devient alors une histoire dans l\u2019histoire, une trace pr\u00e9cieuse de la m\u00e9moire du cin\u00e9ma.<\/p>\n\n\n\n<p class=\"has-ast-global-color-8-color has-text-color has-link-color wp-elements-eef5bc4e81c348a38e3928fdbed94a78\"><strong>Maison de Ma R\u00e9gion<\/strong><\/p>\n\n\n\n<p class=\"has-ast-global-color-8-color has-text-color has-link-color wp-elements-df16e7d64b2fb5f411323bc67143cc56\"><strong>5 rue Aim\u00e9 Ramond \u2014 Carcassonne<\/strong><\/p>\n\n\n\n<p class=\"has-ast-global-color-8-color has-text-color has-link-color wp-elements-e9e4759f6cd12dafaf8ed7a6437a88e0\">Ouvert du lundi au vendredi<br>8h30 \u2192 12h \/ 13h30 \u2192 17h<\/p>\n<!-- AddThis Advanced Settings generic via filter on the_content --><!-- AddThis Share Buttons generic via filter on the_content -->","protected":false},"excerpt":{"rendered":"<p>ULRICH LEBEUF Photographe de plateau \u2014 La m\u00e9moire du cin\u00e9ma Le cin\u00e9ma se fabrique aussi dans les silences, entre deux [&hellip;]<!-- AddThis Advanced Settings generic via filter on get_the_excerpt --><!-- AddThis Share Buttons generic via filter on get_the_excerpt --><\/p>\n","protected":false},"author":2,"featured_media":0,"comment_status":"open","ping_status":"open","sticky":false,"template":"","format":"standard","meta":{"site-sidebar-layout":"default","site-content-layout":"","ast-site-content-layout":"default","site-content-style":"default","site-sidebar-style":"default","ast-global-header-display":"","ast-banner-title-visibility":"","ast-main-header-display":"","ast-hfb-above-header-display":"","ast-hfb-below-header-display":"","ast-hfb-mobile-header-display":"","site-post-title":"","ast-breadcrumbs-content":"","ast-featured-img":"","footer-sml-layout":"","theme-transparent-header-meta":"","adv-header-id-meta":"","stick-header-meta":"","header-above-stick-meta":"","header-main-stick-meta":"","header-below-stick-meta":"","astra-migrate-meta-layouts":"default","ast-page-background-enabled":"default","ast-page-background-meta":{"desktop":{"background-color":"var(--ast-global-color-5)","background-image":"","background-repeat":"repeat","background-position":"center center","background-size":"auto","background-attachment":"scroll","background-type":"","background-media":"","overlay-type":"","overlay-color":"","overlay-opacity":"","overlay-gradient":""},"tablet":{"background-color":"","background-image":"","background-repeat":"repeat","background-position":"center center","background-size":"auto","background-attachment":"scroll","background-type":"","background-media":"","overlay-type":"","overlay-color":"","overlay-opacity":"","overlay-gradient":""},"mobile":{"background-color":"","background-image":"","background-repeat":"repeat","background-position":"center center","background-size":"auto","background-attachment":"scroll","background-type":"","background-media":"","overlay-type":"","overlay-color":"","overlay-opacity":"","overlay-gradient":""}},"ast-content-background-meta":{"desktop":{"background-color":"var(--ast-global-color-4)","background-image":"","background-repeat":"repeat","background-position":"center center","background-size":"auto","background-attachment":"scroll","background-type":"","background-media":"","overlay-type":"","overlay-color":"","overlay-opacity":"","overlay-gradient":""},"tablet":{"background-color":"var(--ast-global-color-4)","background-image":"","background-repeat":"repeat","background-position":"center center","background-size":"auto","background-attachment":"scroll","background-type":"","background-media":"","overlay-type":"","overlay-color":"","overlay-opacity":"","overlay-gradient":""},"mobile":{"background-color":"var(--ast-global-color-4)","background-image":"","background-repeat":"repeat","background-position":"center center","background-size":"auto","background-attachment":"scroll","background-type":"","background-media":"","overlay-type":"","overlay-color":"","overlay-opacity":"","overlay-gradient":""}},"footnotes":""},"categories":[1],"tags":[],"class_list":["post-6506","post","type-post","status-publish","format-standard","hentry","category-non-classe"],"yoast_head":"<!-- This site is optimized with the Yoast SEO plugin v25.5 - https:\/\/yoast.com\/wordpress\/plugins\/seo\/ -->\n<title>EXPOSITION - Festival Cin\u00e9ma d&#039;ici<\/title>\n<meta name=\"robots\" content=\"index, follow, max-snippet:-1, max-image-preview:large, max-video-preview:-1\" \/>\n<link rel=\"canonical\" href=\"https:\/\/cinemadautomne.fr\/?p=6506\" \/>\n<meta property=\"og:locale\" content=\"fr_FR\" \/>\n<meta property=\"og:type\" content=\"article\" \/>\n<meta property=\"og:title\" content=\"EXPOSITION - Festival Cin\u00e9ma d&#039;ici\" \/>\n<meta property=\"og:description\" content=\"ULRICH LEBEUF Photographe de plateau \u2014 La m\u00e9moire du cin\u00e9ma Le cin\u00e9ma se fabrique aussi dans les silences, entre deux [&hellip;]\" \/>\n<meta property=\"og:url\" content=\"https:\/\/cinemadautomne.fr\/?p=6506\" \/>\n<meta property=\"og:site_name\" content=\"Festival Cin\u00e9ma d&#039;ici\" \/>\n<meta property=\"article:publisher\" content=\"https:\/\/www.facebook.com\/cinemadautomne\" \/>\n<meta property=\"article:published_time\" content=\"2026-09-02T04:40:16+00:00\" \/>\n<meta property=\"article:modified_time\" content=\"2026-09-02T04:40:17+00:00\" \/>\n<meta name=\"author\" content=\"Denys\" \/>\n<meta name=\"twitter:card\" content=\"summary_large_image\" \/>\n<meta name=\"twitter:label1\" content=\"\u00c9crit par\" \/>\n\t<meta name=\"twitter:data1\" content=\"Denys\" \/>\n\t<meta name=\"twitter:label2\" content=\"Dur\u00e9e de lecture estim\u00e9e\" \/>\n\t<meta name=\"twitter:data2\" content=\"1 minute\" \/>\n<script type=\"application\/ld+json\" class=\"yoast-schema-graph\">{\"@context\":\"https:\/\/schema.org\",\"@graph\":[{\"@type\":\"Article\",\"@id\":\"https:\/\/cinemadautomne.fr\/?p=6506#article\",\"isPartOf\":{\"@id\":\"https:\/\/cinemadautomne.fr\/?p=6506\"},\"author\":{\"name\":\"Denys\",\"@id\":\"https:\/\/cinemadautomne.fr\/#\/schema\/person\/d8e2a0bea3fd2fd7f6fb0f40f6777742\"},\"headline\":\"EXPOSITION\",\"datePublished\":\"2026-09-02T04:40:16+00:00\",\"dateModified\":\"2026-09-02T04:40:17+00:00\",\"mainEntityOfPage\":{\"@id\":\"https:\/\/cinemadautomne.fr\/?p=6506\"},\"wordCount\":221,\"commentCount\":0,\"publisher\":{\"@id\":\"https:\/\/cinemadautomne.fr\/#organization\"},\"inLanguage\":\"fr-FR\",\"potentialAction\":[{\"@type\":\"CommentAction\",\"name\":\"Comment\",\"target\":[\"https:\/\/cinemadautomne.fr\/?p=6506#respond\"]}]},{\"@type\":\"WebPage\",\"@id\":\"https:\/\/cinemadautomne.fr\/?p=6506\",\"url\":\"https:\/\/cinemadautomne.fr\/?p=6506\",\"name\":\"EXPOSITION - Festival Cin\u00e9ma d&#039;ici\",\"isPartOf\":{\"@id\":\"https:\/\/cinemadautomne.fr\/#website\"},\"datePublished\":\"2026-09-02T04:40:16+00:00\",\"dateModified\":\"2026-09-02T04:40:17+00:00\",\"breadcrumb\":{\"@id\":\"https:\/\/cinemadautomne.fr\/?p=6506#breadcrumb\"},\"inLanguage\":\"fr-FR\",\"potentialAction\":[{\"@type\":\"ReadAction\",\"target\":[\"https:\/\/cinemadautomne.fr\/?p=6506\"]}]},{\"@type\":\"BreadcrumbList\",\"@id\":\"https:\/\/cinemadautomne.fr\/?p=6506#breadcrumb\",\"itemListElement\":[{\"@type\":\"ListItem\",\"position\":1,\"name\":\"Accueil\",\"item\":\"https:\/\/cinemadautomne.fr\/\"},{\"@type\":\"ListItem\",\"position\":2,\"name\":\"EXPOSITION\"}]},{\"@type\":\"WebSite\",\"@id\":\"https:\/\/cinemadautomne.fr\/#website\",\"url\":\"https:\/\/cinemadautomne.fr\/\",\"name\":\"Festival Cin\u00e9ma d'ici\",\"description\":\"du 23 au 27 septembre \u00e0 Castelnaudary\",\"publisher\":{\"@id\":\"https:\/\/cinemadautomne.fr\/#organization\"},\"potentialAction\":[{\"@type\":\"SearchAction\",\"target\":{\"@type\":\"EntryPoint\",\"urlTemplate\":\"https:\/\/cinemadautomne.fr\/?s={search_term_string}\"},\"query-input\":{\"@type\":\"PropertyValueSpecification\",\"valueRequired\":true,\"valueName\":\"search_term_string\"}}],\"inLanguage\":\"fr-FR\"},{\"@type\":\"Organization\",\"@id\":\"https:\/\/cinemadautomne.fr\/#organization\",\"name\":\"Festival Cin\u00e9ma d'ici\",\"url\":\"https:\/\/cinemadautomne.fr\/\",\"logo\":{\"@type\":\"ImageObject\",\"inLanguage\":\"fr-FR\",\"@id\":\"https:\/\/cinemadautomne.fr\/#\/schema\/logo\/image\/\",\"url\":\"https:\/\/cinemadautomne.fr\/wp-content\/uploads\/2021\/09\/CinemaDAutomnedivers_LogoFinal_03LieDeVin_RVB_Plan-de-travail-1-e1631457910433.jpg\",\"contentUrl\":\"https:\/\/cinemadautomne.fr\/wp-content\/uploads\/2021\/09\/CinemaDAutomnedivers_LogoFinal_03LieDeVin_RVB_Plan-de-travail-1-e1631457910433.jpg\",\"width\":350,\"height\":223,\"caption\":\"Festival Cin\u00e9ma d'ici\"},\"image\":{\"@id\":\"https:\/\/cinemadautomne.fr\/#\/schema\/logo\/image\/\"},\"sameAs\":[\"https:\/\/www.facebook.com\/cinemadautomne\",\"https:\/\/www.instagram.com\/festivalcineautomne\/\"]},{\"@type\":\"Person\",\"@id\":\"https:\/\/cinemadautomne.fr\/#\/schema\/person\/d8e2a0bea3fd2fd7f6fb0f40f6777742\",\"name\":\"Denys\",\"image\":{\"@type\":\"ImageObject\",\"inLanguage\":\"fr-FR\",\"@id\":\"https:\/\/cinemadautomne.fr\/#\/schema\/person\/image\/\",\"url\":\"https:\/\/secure.gravatar.com\/avatar\/e4d9b4bc42913248869a1aad6368cb904a9413e4b7c84038c258671577edcb97?s=96&d=mm&r=g\",\"contentUrl\":\"https:\/\/secure.gravatar.com\/avatar\/e4d9b4bc42913248869a1aad6368cb904a9413e4b7c84038c258671577edcb97?s=96&d=mm&r=g\",\"caption\":\"Denys\"},\"url\":\"https:\/\/cinemadautomne.fr\/?author=2\"}]}<\/script>\n<!-- \/ Yoast SEO plugin. -->","yoast_head_json":{"title":"EXPOSITION - Festival Cin\u00e9ma d&#039;ici","robots":{"index":"index","follow":"follow","max-snippet":"max-snippet:-1","max-image-preview":"max-image-preview:large","max-video-preview":"max-video-preview:-1"},"canonical":"https:\/\/cinemadautomne.fr\/?p=6506","og_locale":"fr_FR","og_type":"article","og_title":"EXPOSITION - Festival Cin\u00e9ma d&#039;ici","og_description":"ULRICH LEBEUF Photographe de plateau \u2014 La m\u00e9moire du cin\u00e9ma Le cin\u00e9ma se fabrique aussi dans les silences, entre deux [&hellip;]","og_url":"https:\/\/cinemadautomne.fr\/?p=6506","og_site_name":"Festival Cin\u00e9ma d&#039;ici","article_publisher":"https:\/\/www.facebook.com\/cinemadautomne","article_published_time":"2026-09-02T04:40:16+00:00","article_modified_time":"2026-09-02T04:40:17+00:00","author":"Denys","twitter_card":"summary_large_image","twitter_misc":{"\u00c9crit par":"Denys","Dur\u00e9e de lecture estim\u00e9e":"1 minute"},"schema":{"@context":"https:\/\/schema.org","@graph":[{"@type":"Article","@id":"https:\/\/cinemadautomne.fr\/?p=6506#article","isPartOf":{"@id":"https:\/\/cinemadautomne.fr\/?p=6506"},"author":{"name":"Denys","@id":"https:\/\/cinemadautomne.fr\/#\/schema\/person\/d8e2a0bea3fd2fd7f6fb0f40f6777742"},"headline":"EXPOSITION","datePublished":"2026-09-02T04:40:16+00:00","dateModified":"2026-09-02T04:40:17+00:00","mainEntityOfPage":{"@id":"https:\/\/cinemadautomne.fr\/?p=6506"},"wordCount":221,"commentCount":0,"publisher":{"@id":"https:\/\/cinemadautomne.fr\/#organization"},"inLanguage":"fr-FR","potentialAction":[{"@type":"CommentAction","name":"Comment","target":["https:\/\/cinemadautomne.fr\/?p=6506#respond"]}]},{"@type":"WebPage","@id":"https:\/\/cinemadautomne.fr\/?p=6506","url":"https:\/\/cinemadautomne.fr\/?p=6506","name":"EXPOSITION - Festival Cin\u00e9ma d&#039;ici","isPartOf":{"@id":"https:\/\/cinemadautomne.fr\/#website"},"datePublished":"2026-09-02T04:40:16+00:00","dateModified":"2026-09-02T04:40:17+00:00","breadcrumb":{"@id":"https:\/\/cinemadautomne.fr\/?p=6506#breadcrumb"},"inLanguage":"fr-FR","potentialAction":[{"@type":"ReadAction","target":["https:\/\/cinemadautomne.fr\/?p=6506"]}]},{"@type":"BreadcrumbList","@id":"https:\/\/cinemadautomne.fr\/?p=6506#breadcrumb","itemListElement":[{"@type":"ListItem","position":1,"name":"Accueil","item":"https:\/\/cinemadautomne.fr\/"},{"@type":"ListItem","position":2,"name":"EXPOSITION"}]},{"@type":"WebSite","@id":"https:\/\/cinemadautomne.fr\/#website","url":"https:\/\/cinemadautomne.fr\/","name":"Festival Cin\u00e9ma d'ici","description":"du 23 au 27 septembre \u00e0 Castelnaudary","publisher":{"@id":"https:\/\/cinemadautomne.fr\/#organization"},"potentialAction":[{"@type":"SearchAction","target":{"@type":"EntryPoint","urlTemplate":"https:\/\/cinemadautomne.fr\/?s={search_term_string}"},"query-input":{"@type":"PropertyValueSpecification","valueRequired":true,"valueName":"search_term_string"}}],"inLanguage":"fr-FR"},{"@type":"Organization","@id":"https:\/\/cinemadautomne.fr\/#organization","name":"Festival Cin\u00e9ma d'ici","url":"https:\/\/cinemadautomne.fr\/","logo":{"@type":"ImageObject","inLanguage":"fr-FR","@id":"https:\/\/cinemadautomne.fr\/#\/schema\/logo\/image\/","url":"https:\/\/cinemadautomne.fr\/wp-content\/uploads\/2021\/09\/CinemaDAutomnedivers_LogoFinal_03LieDeVin_RVB_Plan-de-travail-1-e1631457910433.jpg","contentUrl":"https:\/\/cinemadautomne.fr\/wp-content\/uploads\/2021\/09\/CinemaDAutomnedivers_LogoFinal_03LieDeVin_RVB_Plan-de-travail-1-e1631457910433.jpg","width":350,"height":223,"caption":"Festival Cin\u00e9ma d'ici"},"image":{"@id":"https:\/\/cinemadautomne.fr\/#\/schema\/logo\/image\/"},"sameAs":["https:\/\/www.facebook.com\/cinemadautomne","https:\/\/www.instagram.com\/festivalcineautomne\/"]},{"@type":"Person","@id":"https:\/\/cinemadautomne.fr\/#\/schema\/person\/d8e2a0bea3fd2fd7f6fb0f40f6777742","name":"Denys","image":{"@type":"ImageObject","inLanguage":"fr-FR","@id":"https:\/\/cinemadautomne.fr\/#\/schema\/person\/image\/","url":"https:\/\/secure.gravatar.com\/avatar\/e4d9b4bc42913248869a1aad6368cb904a9413e4b7c84038c258671577edcb97?s=96&d=mm&r=g","contentUrl":"https:\/\/secure.gravatar.com\/avatar\/e4d9b4bc42913248869a1aad6368cb904a9413e4b7c84038c258671577edcb97?s=96&d=mm&r=g","caption":"Denys"},"url":"https:\/\/cinemadautomne.fr\/?author=2"}]}},"_links":{"self":[{"href":"https:\/\/cinemadautomne.fr\/index.php?rest_route=\/wp\/v2\/posts\/6506","targetHints":{"allow":["GET"]}}],"collection":[{"href":"https:\/\/cinemadautomne.fr\/index.php?rest_route=\/wp\/v2\/posts"}],"about":[{"href":"https:\/\/cinemadautomne.fr\/index.php?rest_route=\/wp\/v2\/types\/post"}],"author":[{"embeddable":true,"href":"https:\/\/cinemadautomne.fr\/index.php?rest_route=\/wp\/v2\/users\/2"}],"replies":[{"embeddable":true,"href":"https:\/\/cinemadautomne.fr\/index.php?rest_route=%2Fwp%2Fv2%2Fcomments&post=6506"}],"version-history":[{"count":2,"href":"https:\/\/cinemadautomne.fr\/index.php?rest_route=\/wp\/v2\/posts\/6506\/revisions"}],"predecessor-version":[{"id":6547,"href":"https:\/\/cinemadautomne.fr\/index.php?rest_route=\/wp\/v2\/posts\/6506\/revisions\/6547"}],"wp:attachment":[{"href":"https:\/\/cinemadautomne.fr\/index.php?rest_route=%2Fwp%2Fv2%2Fmedia&parent=6506"}],"wp:term":[{"taxonomy":"category","embeddable":true,"href":"https:\/\/cinemadautomne.fr\/index.php?rest_route=%2Fwp%2Fv2%2Fcategories&post=6506"},{"taxonomy":"post_tag","embeddable":true,"href":"https:\/\/cinemadautomne.fr\/index.php?rest_route=%2Fwp%2Fv2%2Ftags&post=6506"}],"curies":[{"name":"wp","href":"https:\/\/api.w.org\/{rel}","templated":true}]}}