{"id":599,"date":"2015-05-30T14:07:01","date_gmt":"2015-05-30T14:07:01","guid":{"rendered":"http:\/\/cinemadautomne.fr\/?p=599"},"modified":"2016-07-24T19:43:32","modified_gmt":"2016-07-24T19:43:32","slug":"angele-et-tony","status":"publish","type":"post","link":"https:\/\/cinemadautomne.fr\/?p=599","title":{"rendered":"2015 &#8211; Ang\u00e8le et Tony"},"content":{"rendered":"<h3 style=\"text-align: center;\"><span style=\"color: #ff0000;\">Dimanche 27 septembre \u00e0 17h (Programme BEFORE)<br \/>\n<\/span><\/h3>\n<p>&nbsp;<\/p>\n<p><strong>Un film de Alix Delaporte.\u00a0 France 2011. Dur\u00e9e: 1h27. Avec Clotilde Hesme, Gr\u00e9gory Gadebois&#8230;<br \/>\n<\/strong><\/p>\n<p>&nbsp;<\/p>\n<p><strong>Synopsis<\/strong>:<br \/>\nUn port de p\u00eache en Normandie. Ang\u00e8le a de bonnes raisons de se construire une nouvelle vie lorsqu\u2019elle d\u00e9barque dans celle de Tony, marin p\u00eacheur en qu\u00eate de sentiments. Malgr\u00e9 le d\u00e9sir qu\u2019il a pour elle, Tony garde ses distances. Ang\u00e8le le cherche. Tony l\u2019observe. Trop belle, trop d\u00e9routante, il ne peut croire qu\u2019elle est l\u00e0 pour lui\u2026<\/p>\n<p>&nbsp;<\/p>\n<div class=\"ast-oembed-container \" style=\"height: 100%;\"><iframe title=\"Ang\u00e8le et Tony,  Bande annonce,  Sortie le 26 janvier 2011\" width=\"500\" height=\"281\" src=\"https:\/\/www.youtube.com\/embed\/bwAMAj3QucI?feature=oembed\" frameborder=\"0\" allow=\"accelerometer; autoplay; clipboard-write; encrypted-media; gyroscope; picture-in-picture; web-share\" referrerpolicy=\"strict-origin-when-cross-origin\" allowfullscreen><\/iframe><\/div>\n<p>&nbsp;<\/p>\n<p style=\"text-align: right;\">\u2192 <a href=\"http:\/\/distrib.pyramidefilms.com\/node\/401\" target=\"_blank\">http:\/\/distrib.pyramidefilms.com\/node\/401<\/a><\/p>\n<p style=\"text-align: right;\"><a href=\"https:\/\/cinemadautomne.fr\/wp-content\/uploads\/2015\/09\/angeleettonydp.pdf\" target=\"_blank\">DOSSIER DE PRESSE<\/a><\/p>\n<p>&nbsp;<\/p>\n\n<!-- AddThis Advanced Settings generic via filter on the_content --><!-- AddThis Share Buttons generic via filter on the_content -->","protected":false},"excerpt":{"rendered":"<p>Dimanche 27 septembre \u00e0 17h (Programme BEFORE) &nbsp; Un film de Alix Delaporte.\u00a0 France 2011. Dur\u00e9e: 1h27. Avec Clotilde Hesme, [&hellip;]<!-- AddThis Advanced Settings generic via filter on get_the_excerpt --><!-- AddThis Share Buttons generic via filter on get_the_excerpt --><\/p>\n","protected":false},"author":1,"featured_media":0,"comment_status":"closed","ping_status":"closed","sticky":false,"template":"","format":"standard","meta":{"site-sidebar-layout":"default","site-content-layout":"","ast-site-content-layout":"default","site-content-style":"default","site-sidebar-style":"default","ast-global-header-display":"","ast-banner-title-visibility":"","ast-main-header-display":"","ast-hfb-above-header-display":"","ast-hfb-below-header-display":"","ast-hfb-mobile-header-display":"","site-post-title":"","ast-breadcrumbs-content":"","ast-featured-img":"","footer-sml-layout":"","theme-transparent-header-meta":"","adv-header-id-meta":"","stick-header-meta":"","header-above-stick-meta":"","header-main-stick-meta":"","header-below-stick-meta":"","astra-migrate-meta-layouts":"default","ast-page-background-enabled":"default","ast-page-background-meta":{"desktop":{"background-color":"var(--ast-global-color-5)","background-image":"","background-repeat":"repeat","background-position":"center center","background-size":"auto","background-attachment":"scroll","background-type":"","background-media":"","overlay-type":"","overlay-color":"","overlay-opacity":"","overlay-gradient":""},"tablet":{"background-color":"","background-image":"","background-repeat":"repeat","background-position":"center center","background-size":"auto","background-attachment":"scroll","background-type":"","background-media":"","overlay-type":"","overlay-color":"","overlay-opacity":"","overlay-gradient":""},"mobile":{"background-color":"","background-image":"","background-repeat":"repeat","background-position":"center center","background-size":"auto","background-attachment":"scroll","background-type":"","background-media":"","overlay-type":"","overlay-color":"","overlay-opacity":"","overlay-gradient":""}},"ast-content-background-meta":{"desktop":{"background-color":"var(--ast-global-color-4)","background-image":"","background-repeat":"repeat","background-position":"center center","background-size":"auto","background-attachment":"scroll","background-type":"","background-media":"","overlay-type":"","overlay-color":"","overlay-opacity":"","overlay-gradient":""},"tablet":{"background-color":"var(--ast-global-color-4)","background-image":"","background-repeat":"repeat","background-position":"center center","background-size":"auto","background-attachment":"scroll","background-type":"","background-media":"","overlay-type":"","overlay-color":"","overlay-opacity":"","overlay-gradient":""},"mobile":{"background-color":"var(--ast-global-color-4)","background-image":"","background-repeat":"repeat","background-position":"center center","background-size":"auto","background-attachment":"scroll","background-type":"","background-media":"","overlay-type":"","overlay-color":"","overlay-opacity":"","overlay-gradient":""}},"footnotes":""},"categories":[3],"tags":[],"class_list":["post-599","post","type-post","status-publish","format-standard","hentry","category-films"],"yoast_head":"<!-- This site is optimized with the Yoast SEO plugin v25.5 - https:\/\/yoast.com\/wordpress\/plugins\/seo\/ -->\n<title>2015 - Ang\u00e8le et Tony - Festival Cin\u00e9ma d&#039;ici<\/title>\n<meta name=\"robots\" content=\"index, follow, max-snippet:-1, max-image-preview:large, max-video-preview:-1\" \/>\n<link rel=\"canonical\" href=\"https:\/\/cinemadautomne.fr\/?p=599\" \/>\n<meta property=\"og:locale\" content=\"fr_FR\" \/>\n<meta property=\"og:type\" content=\"article\" \/>\n<meta property=\"og:title\" content=\"2015 - Ang\u00e8le et Tony - Festival Cin\u00e9ma d&#039;ici\" \/>\n<meta property=\"og:description\" content=\"Dimanche 27 septembre \u00e0 17h (Programme BEFORE) &nbsp; Un film de Alix Delaporte.\u00a0 France 2011. Dur\u00e9e: 1h27. Avec Clotilde Hesme, [&hellip;]\" \/>\n<meta property=\"og:url\" content=\"https:\/\/cinemadautomne.fr\/?p=599\" \/>\n<meta property=\"og:site_name\" content=\"Festival Cin\u00e9ma d&#039;ici\" \/>\n<meta property=\"article:publisher\" content=\"https:\/\/www.facebook.com\/cinemadautomne\" \/>\n<meta property=\"article:published_time\" content=\"2015-05-30T14:07:01+00:00\" \/>\n<meta property=\"article:modified_time\" content=\"2016-07-24T19:43:32+00:00\" \/>\n<meta name=\"author\" content=\"Vincent\" \/>\n<meta name=\"twitter:card\" content=\"summary_large_image\" \/>\n<meta name=\"twitter:label1\" content=\"\u00c9crit par\" \/>\n\t<meta name=\"twitter:data1\" content=\"Vincent\" \/>\n\t<meta name=\"twitter:label2\" content=\"Dur\u00e9e de lecture estim\u00e9e\" \/>\n\t<meta name=\"twitter:data2\" content=\"1 minute\" \/>\n<script type=\"application\/ld+json\" class=\"yoast-schema-graph\">{\"@context\":\"https:\/\/schema.org\",\"@graph\":[{\"@type\":\"Article\",\"@id\":\"https:\/\/cinemadautomne.fr\/?p=599#article\",\"isPartOf\":{\"@id\":\"https:\/\/cinemadautomne.fr\/?p=599\"},\"author\":{\"name\":\"Vincent\",\"@id\":\"https:\/\/cinemadautomne.fr\/#\/schema\/person\/a5fa7ea12fb016de4d0c111f5f07e9dd\"},\"headline\":\"2015 &#8211; Ang\u00e8le et Tony\",\"datePublished\":\"2015-05-30T14:07:01+00:00\",\"dateModified\":\"2016-07-24T19:43:32+00:00\",\"mainEntityOfPage\":{\"@id\":\"https:\/\/cinemadautomne.fr\/?p=599\"},\"wordCount\":125,\"publisher\":{\"@id\":\"https:\/\/cinemadautomne.fr\/#organization\"},\"articleSection\":[\"Films (2015)\"],\"inLanguage\":\"fr-FR\"},{\"@type\":\"WebPage\",\"@id\":\"https:\/\/cinemadautomne.fr\/?p=599\",\"url\":\"https:\/\/cinemadautomne.fr\/?p=599\",\"name\":\"2015 - Ang\u00e8le et Tony - Festival Cin\u00e9ma d&#039;ici\",\"isPartOf\":{\"@id\":\"https:\/\/cinemadautomne.fr\/#website\"},\"datePublished\":\"2015-05-30T14:07:01+00:00\",\"dateModified\":\"2016-07-24T19:43:32+00:00\",\"breadcrumb\":{\"@id\":\"https:\/\/cinemadautomne.fr\/?p=599#breadcrumb\"},\"inLanguage\":\"fr-FR\",\"potentialAction\":[{\"@type\":\"ReadAction\",\"target\":[\"https:\/\/cinemadautomne.fr\/?p=599\"]}]},{\"@type\":\"BreadcrumbList\",\"@id\":\"https:\/\/cinemadautomne.fr\/?p=599#breadcrumb\",\"itemListElement\":[{\"@type\":\"ListItem\",\"position\":1,\"name\":\"Accueil\",\"item\":\"https:\/\/cinemadautomne.fr\/\"},{\"@type\":\"ListItem\",\"position\":2,\"name\":\"2015 &#8211; Ang\u00e8le et Tony\"}]},{\"@type\":\"WebSite\",\"@id\":\"https:\/\/cinemadautomne.fr\/#website\",\"url\":\"https:\/\/cinemadautomne.fr\/\",\"name\":\"Festival Cin\u00e9ma d'ici\",\"description\":\"du 24 au 28 septembre \u00e0 Castelnaudary\",\"publisher\":{\"@id\":\"https:\/\/cinemadautomne.fr\/#organization\"},\"potentialAction\":[{\"@type\":\"SearchAction\",\"target\":{\"@type\":\"EntryPoint\",\"urlTemplate\":\"https:\/\/cinemadautomne.fr\/?s={search_term_string}\"},\"query-input\":{\"@type\":\"PropertyValueSpecification\",\"valueRequired\":true,\"valueName\":\"search_term_string\"}}],\"inLanguage\":\"fr-FR\"},{\"@type\":\"Organization\",\"@id\":\"https:\/\/cinemadautomne.fr\/#organization\",\"name\":\"Festival Cin\u00e9ma d'ici\",\"url\":\"https:\/\/cinemadautomne.fr\/\",\"logo\":{\"@type\":\"ImageObject\",\"inLanguage\":\"fr-FR\",\"@id\":\"https:\/\/cinemadautomne.fr\/#\/schema\/logo\/image\/\",\"url\":\"https:\/\/cinemadautomne.fr\/wp-content\/uploads\/2021\/09\/CinemaDAutomnedivers_LogoFinal_03LieDeVin_RVB_Plan-de-travail-1-e1631457910433.jpg\",\"contentUrl\":\"https:\/\/cinemadautomne.fr\/wp-content\/uploads\/2021\/09\/CinemaDAutomnedivers_LogoFinal_03LieDeVin_RVB_Plan-de-travail-1-e1631457910433.jpg\",\"width\":350,\"height\":223,\"caption\":\"Festival Cin\u00e9ma d'ici\"},\"image\":{\"@id\":\"https:\/\/cinemadautomne.fr\/#\/schema\/logo\/image\/\"},\"sameAs\":[\"https:\/\/www.facebook.com\/cinemadautomne\",\"https:\/\/www.instagram.com\/festivalcineautomne\/\"]},{\"@type\":\"Person\",\"@id\":\"https:\/\/cinemadautomne.fr\/#\/schema\/person\/a5fa7ea12fb016de4d0c111f5f07e9dd\",\"name\":\"Vincent\",\"image\":{\"@type\":\"ImageObject\",\"inLanguage\":\"fr-FR\",\"@id\":\"https:\/\/cinemadautomne.fr\/#\/schema\/person\/image\/\",\"url\":\"https:\/\/secure.gravatar.com\/avatar\/c5c18e4565b8b8eeaa93015aff80c215039021fe9df0ce28568cb10397fcdae4?s=96&d=mm&r=g\",\"contentUrl\":\"https:\/\/secure.gravatar.com\/avatar\/c5c18e4565b8b8eeaa93015aff80c215039021fe9df0ce28568cb10397fcdae4?s=96&d=mm&r=g\",\"caption\":\"Vincent\"},\"url\":\"https:\/\/cinemadautomne.fr\/?author=1\"}]}<\/script>\n<!-- \/ Yoast SEO plugin. -->","yoast_head_json":{"title":"2015 - Ang\u00e8le et Tony - Festival Cin\u00e9ma d&#039;ici","robots":{"index":"index","follow":"follow","max-snippet":"max-snippet:-1","max-image-preview":"max-image-preview:large","max-video-preview":"max-video-preview:-1"},"canonical":"https:\/\/cinemadautomne.fr\/?p=599","og_locale":"fr_FR","og_type":"article","og_title":"2015 - Ang\u00e8le et Tony - Festival Cin\u00e9ma d&#039;ici","og_description":"Dimanche 27 septembre \u00e0 17h (Programme BEFORE) &nbsp; Un film de Alix Delaporte.\u00a0 France 2011. Dur\u00e9e: 1h27. Avec Clotilde Hesme, [&hellip;]","og_url":"https:\/\/cinemadautomne.fr\/?p=599","og_site_name":"Festival Cin\u00e9ma d&#039;ici","article_publisher":"https:\/\/www.facebook.com\/cinemadautomne","article_published_time":"2015-05-30T14:07:01+00:00","article_modified_time":"2016-07-24T19:43:32+00:00","author":"Vincent","twitter_card":"summary_large_image","twitter_misc":{"\u00c9crit par":"Vincent","Dur\u00e9e de lecture estim\u00e9e":"1 minute"},"schema":{"@context":"https:\/\/schema.org","@graph":[{"@type":"Article","@id":"https:\/\/cinemadautomne.fr\/?p=599#article","isPartOf":{"@id":"https:\/\/cinemadautomne.fr\/?p=599"},"author":{"name":"Vincent","@id":"https:\/\/cinemadautomne.fr\/#\/schema\/person\/a5fa7ea12fb016de4d0c111f5f07e9dd"},"headline":"2015 &#8211; Ang\u00e8le et Tony","datePublished":"2015-05-30T14:07:01+00:00","dateModified":"2016-07-24T19:43:32+00:00","mainEntityOfPage":{"@id":"https:\/\/cinemadautomne.fr\/?p=599"},"wordCount":125,"publisher":{"@id":"https:\/\/cinemadautomne.fr\/#organization"},"articleSection":["Films (2015)"],"inLanguage":"fr-FR"},{"@type":"WebPage","@id":"https:\/\/cinemadautomne.fr\/?p=599","url":"https:\/\/cinemadautomne.fr\/?p=599","name":"2015 - Ang\u00e8le et Tony - Festival Cin\u00e9ma d&#039;ici","isPartOf":{"@id":"https:\/\/cinemadautomne.fr\/#website"},"datePublished":"2015-05-30T14:07:01+00:00","dateModified":"2016-07-24T19:43:32+00:00","breadcrumb":{"@id":"https:\/\/cinemadautomne.fr\/?p=599#breadcrumb"},"inLanguage":"fr-FR","potentialAction":[{"@type":"ReadAction","target":["https:\/\/cinemadautomne.fr\/?p=599"]}]},{"@type":"BreadcrumbList","@id":"https:\/\/cinemadautomne.fr\/?p=599#breadcrumb","itemListElement":[{"@type":"ListItem","position":1,"name":"Accueil","item":"https:\/\/cinemadautomne.fr\/"},{"@type":"ListItem","position":2,"name":"2015 &#8211; Ang\u00e8le et Tony"}]},{"@type":"WebSite","@id":"https:\/\/cinemadautomne.fr\/#website","url":"https:\/\/cinemadautomne.fr\/","name":"Festival Cin\u00e9ma d'ici","description":"du 24 au 28 septembre \u00e0 Castelnaudary","publisher":{"@id":"https:\/\/cinemadautomne.fr\/#organization"},"potentialAction":[{"@type":"SearchAction","target":{"@type":"EntryPoint","urlTemplate":"https:\/\/cinemadautomne.fr\/?s={search_term_string}"},"query-input":{"@type":"PropertyValueSpecification","valueRequired":true,"valueName":"search_term_string"}}],"inLanguage":"fr-FR"},{"@type":"Organization","@id":"https:\/\/cinemadautomne.fr\/#organization","name":"Festival Cin\u00e9ma d'ici","url":"https:\/\/cinemadautomne.fr\/","logo":{"@type":"ImageObject","inLanguage":"fr-FR","@id":"https:\/\/cinemadautomne.fr\/#\/schema\/logo\/image\/","url":"https:\/\/cinemadautomne.fr\/wp-content\/uploads\/2021\/09\/CinemaDAutomnedivers_LogoFinal_03LieDeVin_RVB_Plan-de-travail-1-e1631457910433.jpg","contentUrl":"https:\/\/cinemadautomne.fr\/wp-content\/uploads\/2021\/09\/CinemaDAutomnedivers_LogoFinal_03LieDeVin_RVB_Plan-de-travail-1-e1631457910433.jpg","width":350,"height":223,"caption":"Festival Cin\u00e9ma d'ici"},"image":{"@id":"https:\/\/cinemadautomne.fr\/#\/schema\/logo\/image\/"},"sameAs":["https:\/\/www.facebook.com\/cinemadautomne","https:\/\/www.instagram.com\/festivalcineautomne\/"]},{"@type":"Person","@id":"https:\/\/cinemadautomne.fr\/#\/schema\/person\/a5fa7ea12fb016de4d0c111f5f07e9dd","name":"Vincent","image":{"@type":"ImageObject","inLanguage":"fr-FR","@id":"https:\/\/cinemadautomne.fr\/#\/schema\/person\/image\/","url":"https:\/\/secure.gravatar.com\/avatar\/c5c18e4565b8b8eeaa93015aff80c215039021fe9df0ce28568cb10397fcdae4?s=96&d=mm&r=g","contentUrl":"https:\/\/secure.gravatar.com\/avatar\/c5c18e4565b8b8eeaa93015aff80c215039021fe9df0ce28568cb10397fcdae4?s=96&d=mm&r=g","caption":"Vincent"},"url":"https:\/\/cinemadautomne.fr\/?author=1"}]}},"_links":{"self":[{"href":"https:\/\/cinemadautomne.fr\/index.php?rest_route=\/wp\/v2\/posts\/599","targetHints":{"allow":["GET"]}}],"collection":[{"href":"https:\/\/cinemadautomne.fr\/index.php?rest_route=\/wp\/v2\/posts"}],"about":[{"href":"https:\/\/cinemadautomne.fr\/index.php?rest_route=\/wp\/v2\/types\/post"}],"author":[{"embeddable":true,"href":"https:\/\/cinemadautomne.fr\/index.php?rest_route=\/wp\/v2\/users\/1"}],"replies":[{"embeddable":true,"href":"https:\/\/cinemadautomne.fr\/index.php?rest_route=%2Fwp%2Fv2%2Fcomments&post=599"}],"version-history":[{"count":7,"href":"https:\/\/cinemadautomne.fr\/index.php?rest_route=\/wp\/v2\/posts\/599\/revisions"}],"predecessor-version":[{"id":1145,"href":"https:\/\/cinemadautomne.fr\/index.php?rest_route=\/wp\/v2\/posts\/599\/revisions\/1145"}],"wp:attachment":[{"href":"https:\/\/cinemadautomne.fr\/index.php?rest_route=%2Fwp%2Fv2%2Fmedia&parent=599"}],"wp:term":[{"taxonomy":"category","embeddable":true,"href":"https:\/\/cinemadautomne.fr\/index.php?rest_route=%2Fwp%2Fv2%2Fcategories&post=599"},{"taxonomy":"post_tag","embeddable":true,"href":"https:\/\/cinemadautomne.fr\/index.php?rest_route=%2Fwp%2Fv2%2Ftags&post=599"}],"curies":[{"name":"wp","href":"https:\/\/api.w.org\/{rel}","templated":true}]}}