{"id":4439,"date":"2023-09-16T09:46:26","date_gmt":"2023-09-16T09:46:26","guid":{"rendered":"http:\/\/cinemadautomne.fr\/?p=4439"},"modified":"2023-09-16T12:18:38","modified_gmt":"2023-09-16T12:18:38","slug":"films-dateliers-2","status":"publish","type":"post","link":"https:\/\/cinemadautomne.fr\/?p=4439","title":{"rendered":"Pattie et la col\u00e8re de Pose\u00efdon"},"content":{"rendered":"\n<p>Mercredi 27 septembre \u00e0 15h<br>PATTIE ET LE COL\u00c8RE<br>DE POS\u00c9IDON<br>France 2023. Un film d\u2019animation de David Alaux. Dur\u00e9e : 1h36<br>La vie s\u2019\u00e9coule paisiblement \u00e0 Yolcos, belle et prosp\u00e8re<br>ville portuaire de la Gr\u00e8ce antique,<br>lorsque la population est menac\u00e9e<br>par la col\u00e8re de Pos\u00e9idon. Une<br>jeune souris aventuri\u00e8re et le chat qui l\u2019a adopt\u00e9e<br>vont alors aider \u00e0 son insu le vieux Jason et ses<br>Argonautes dans leur qu\u00eate pour sauver la cit\u00e9.<br>Mais bien plus qu\u2019un coup de main, l\u2019op\u00e9ration<br>les am\u00e8nera finalement \u00e0 affronter les cr\u00e9atures<br>mythiques les plus dangereuses de la mythologie<br>et \u00e0 surmonter tous les dangers \u00e0 leur place.<\/p>\n\n\n\n<p>En savoir plus sur ce film? <a href=\"https:\/\/cinemadautomne.fr\/wp-content\/uploads\/2023\/09\/A4-Pattie-et-la-colere-de-Poseidon.pdf\" target=\"_blank\" rel=\"noreferrer noopener\">Cliquez ici!<\/a><\/p>\n\n\n\n<figure class=\"wp-block-embed is-type-video is-provider-youtube wp-block-embed-youtube wp-embed-aspect-16-9 wp-has-aspect-ratio\"><div class=\"wp-block-embed__wrapper\">\n<div class=\"ast-oembed-container \" style=\"height: 100%;\"><iframe title=\"\ud83c\udfa5 Pattie et la col\u00e8re de Pos\u00e9idon, fabriqu\u00e9 en Occitanie \ud83d\udc2d\" width=\"500\" height=\"281\" src=\"https:\/\/www.youtube.com\/embed\/Z13QaLCIZX4?feature=oembed\" frameborder=\"0\" allow=\"accelerometer; autoplay; clipboard-write; encrypted-media; gyroscope; picture-in-picture; web-share\" referrerpolicy=\"strict-origin-when-cross-origin\" allowfullscreen><\/iframe><\/div>\n<\/div><\/figure>\n<!-- AddThis Advanced Settings generic via filter on the_content --><!-- AddThis Share Buttons generic via filter on the_content -->","protected":false},"excerpt":{"rendered":"<p>Mercredi 27 septembre \u00e0 15hPATTIE ET LE COL\u00c8REDE POS\u00c9IDONFrance 2023. Un film d\u2019animation de David Alaux. Dur\u00e9e : 1h36La vie [&hellip;]<!-- AddThis Advanced Settings generic via filter on get_the_excerpt --><!-- AddThis Share Buttons generic via filter on get_the_excerpt --><\/p>\n","protected":false},"author":1,"featured_media":0,"comment_status":"closed","ping_status":"closed","sticky":false,"template":"","format":"standard","meta":{"site-sidebar-layout":"default","site-content-layout":"","ast-site-content-layout":"default","site-content-style":"default","site-sidebar-style":"default","ast-global-header-display":"","ast-banner-title-visibility":"","ast-main-header-display":"","ast-hfb-above-header-display":"","ast-hfb-below-header-display":"","ast-hfb-mobile-header-display":"","site-post-title":"","ast-breadcrumbs-content":"","ast-featured-img":"","footer-sml-layout":"","theme-transparent-header-meta":"","adv-header-id-meta":"","stick-header-meta":"","header-above-stick-meta":"","header-main-stick-meta":"","header-below-stick-meta":"","astra-migrate-meta-layouts":"default","ast-page-background-enabled":"default","ast-page-background-meta":{"desktop":{"background-color":"var(--ast-global-color-5)","background-image":"","background-repeat":"repeat","background-position":"center center","background-size":"auto","background-attachment":"scroll","background-type":"","background-media":"","overlay-type":"","overlay-color":"","overlay-opacity":"","overlay-gradient":""},"tablet":{"background-color":"","background-image":"","background-repeat":"repeat","background-position":"center center","background-size":"auto","background-attachment":"scroll","background-type":"","background-media":"","overlay-type":"","overlay-color":"","overlay-opacity":"","overlay-gradient":""},"mobile":{"background-color":"","background-image":"","background-repeat":"repeat","background-position":"center center","background-size":"auto","background-attachment":"scroll","background-type":"","background-media":"","overlay-type":"","overlay-color":"","overlay-opacity":"","overlay-gradient":""}},"ast-content-background-meta":{"desktop":{"background-color":"var(--ast-global-color-4)","background-image":"","background-repeat":"repeat","background-position":"center center","background-size":"auto","background-attachment":"scroll","background-type":"","background-media":"","overlay-type":"","overlay-color":"","overlay-opacity":"","overlay-gradient":""},"tablet":{"background-color":"var(--ast-global-color-4)","background-image":"","background-repeat":"repeat","background-position":"center center","background-size":"auto","background-attachment":"scroll","background-type":"","background-media":"","overlay-type":"","overlay-color":"","overlay-opacity":"","overlay-gradient":""},"mobile":{"background-color":"var(--ast-global-color-4)","background-image":"","background-repeat":"repeat","background-position":"center center","background-size":"auto","background-attachment":"scroll","background-type":"","background-media":"","overlay-type":"","overlay-color":"","overlay-opacity":"","overlay-gradient":""}},"footnotes":""},"categories":[34],"tags":[],"class_list":["post-4439","post","type-post","status-publish","format-standard","hentry","category-caroussel-2023"],"yoast_head":"<!-- This site is optimized with the Yoast SEO plugin v25.5 - https:\/\/yoast.com\/wordpress\/plugins\/seo\/ -->\n<title>Pattie et la col\u00e8re de Pose\u00efdon - Festival Cin\u00e9ma d&#039;ici<\/title>\n<meta name=\"robots\" content=\"index, follow, max-snippet:-1, max-image-preview:large, max-video-preview:-1\" \/>\n<link rel=\"canonical\" href=\"https:\/\/cinemadautomne.fr\/?p=4439\" \/>\n<meta property=\"og:locale\" content=\"fr_FR\" \/>\n<meta property=\"og:type\" content=\"article\" \/>\n<meta property=\"og:title\" content=\"Pattie et la col\u00e8re de Pose\u00efdon - Festival Cin\u00e9ma d&#039;ici\" \/>\n<meta property=\"og:description\" content=\"Mercredi 27 septembre \u00e0 15hPATTIE ET LE COL\u00c8REDE POS\u00c9IDONFrance 2023. Un film d\u2019animation de David Alaux. Dur\u00e9e : 1h36La vie [&hellip;]\" \/>\n<meta property=\"og:url\" content=\"https:\/\/cinemadautomne.fr\/?p=4439\" \/>\n<meta property=\"og:site_name\" content=\"Festival Cin\u00e9ma d&#039;ici\" \/>\n<meta property=\"article:publisher\" content=\"https:\/\/www.facebook.com\/cinemadautomne\" \/>\n<meta property=\"article:published_time\" content=\"2023-09-16T09:46:26+00:00\" \/>\n<meta property=\"article:modified_time\" content=\"2023-09-16T12:18:38+00:00\" \/>\n<meta name=\"author\" content=\"Vincent\" \/>\n<meta name=\"twitter:card\" content=\"summary_large_image\" \/>\n<meta name=\"twitter:label1\" content=\"\u00c9crit par\" \/>\n\t<meta name=\"twitter:data1\" content=\"Vincent\" \/>\n\t<meta name=\"twitter:label2\" content=\"Dur\u00e9e de lecture estim\u00e9e\" \/>\n\t<meta name=\"twitter:data2\" content=\"1 minute\" \/>\n<script type=\"application\/ld+json\" class=\"yoast-schema-graph\">{\"@context\":\"https:\/\/schema.org\",\"@graph\":[{\"@type\":\"Article\",\"@id\":\"https:\/\/cinemadautomne.fr\/?p=4439#article\",\"isPartOf\":{\"@id\":\"https:\/\/cinemadautomne.fr\/?p=4439\"},\"author\":{\"name\":\"Vincent\",\"@id\":\"https:\/\/cinemadautomne.fr\/#\/schema\/person\/a5fa7ea12fb016de4d0c111f5f07e9dd\"},\"headline\":\"Pattie et la col\u00e8re de Pose\u00efdon\",\"datePublished\":\"2023-09-16T09:46:26+00:00\",\"dateModified\":\"2023-09-16T12:18:38+00:00\",\"mainEntityOfPage\":{\"@id\":\"https:\/\/cinemadautomne.fr\/?p=4439\"},\"wordCount\":130,\"publisher\":{\"@id\":\"https:\/\/cinemadautomne.fr\/#organization\"},\"articleSection\":[\"Caroussel-2023\"],\"inLanguage\":\"fr-FR\"},{\"@type\":\"WebPage\",\"@id\":\"https:\/\/cinemadautomne.fr\/?p=4439\",\"url\":\"https:\/\/cinemadautomne.fr\/?p=4439\",\"name\":\"Pattie et la col\u00e8re de Pose\u00efdon - Festival Cin\u00e9ma d&#039;ici\",\"isPartOf\":{\"@id\":\"https:\/\/cinemadautomne.fr\/#website\"},\"datePublished\":\"2023-09-16T09:46:26+00:00\",\"dateModified\":\"2023-09-16T12:18:38+00:00\",\"breadcrumb\":{\"@id\":\"https:\/\/cinemadautomne.fr\/?p=4439#breadcrumb\"},\"inLanguage\":\"fr-FR\",\"potentialAction\":[{\"@type\":\"ReadAction\",\"target\":[\"https:\/\/cinemadautomne.fr\/?p=4439\"]}]},{\"@type\":\"BreadcrumbList\",\"@id\":\"https:\/\/cinemadautomne.fr\/?p=4439#breadcrumb\",\"itemListElement\":[{\"@type\":\"ListItem\",\"position\":1,\"name\":\"Accueil\",\"item\":\"https:\/\/cinemadautomne.fr\/\"},{\"@type\":\"ListItem\",\"position\":2,\"name\":\"Pattie et la col\u00e8re de Pose\u00efdon\"}]},{\"@type\":\"WebSite\",\"@id\":\"https:\/\/cinemadautomne.fr\/#website\",\"url\":\"https:\/\/cinemadautomne.fr\/\",\"name\":\"Festival Cin\u00e9ma d'ici\",\"description\":\"du 24 au 28 septembre \u00e0 Castelnaudary\",\"publisher\":{\"@id\":\"https:\/\/cinemadautomne.fr\/#organization\"},\"potentialAction\":[{\"@type\":\"SearchAction\",\"target\":{\"@type\":\"EntryPoint\",\"urlTemplate\":\"https:\/\/cinemadautomne.fr\/?s={search_term_string}\"},\"query-input\":{\"@type\":\"PropertyValueSpecification\",\"valueRequired\":true,\"valueName\":\"search_term_string\"}}],\"inLanguage\":\"fr-FR\"},{\"@type\":\"Organization\",\"@id\":\"https:\/\/cinemadautomne.fr\/#organization\",\"name\":\"Festival Cin\u00e9ma d'ici\",\"url\":\"https:\/\/cinemadautomne.fr\/\",\"logo\":{\"@type\":\"ImageObject\",\"inLanguage\":\"fr-FR\",\"@id\":\"https:\/\/cinemadautomne.fr\/#\/schema\/logo\/image\/\",\"url\":\"https:\/\/cinemadautomne.fr\/wp-content\/uploads\/2021\/09\/CinemaDAutomnedivers_LogoFinal_03LieDeVin_RVB_Plan-de-travail-1-e1631457910433.jpg\",\"contentUrl\":\"https:\/\/cinemadautomne.fr\/wp-content\/uploads\/2021\/09\/CinemaDAutomnedivers_LogoFinal_03LieDeVin_RVB_Plan-de-travail-1-e1631457910433.jpg\",\"width\":350,\"height\":223,\"caption\":\"Festival Cin\u00e9ma d'ici\"},\"image\":{\"@id\":\"https:\/\/cinemadautomne.fr\/#\/schema\/logo\/image\/\"},\"sameAs\":[\"https:\/\/www.facebook.com\/cinemadautomne\",\"https:\/\/www.instagram.com\/festivalcineautomne\/\"]},{\"@type\":\"Person\",\"@id\":\"https:\/\/cinemadautomne.fr\/#\/schema\/person\/a5fa7ea12fb016de4d0c111f5f07e9dd\",\"name\":\"Vincent\",\"image\":{\"@type\":\"ImageObject\",\"inLanguage\":\"fr-FR\",\"@id\":\"https:\/\/cinemadautomne.fr\/#\/schema\/person\/image\/\",\"url\":\"https:\/\/secure.gravatar.com\/avatar\/c5c18e4565b8b8eeaa93015aff80c215039021fe9df0ce28568cb10397fcdae4?s=96&d=mm&r=g\",\"contentUrl\":\"https:\/\/secure.gravatar.com\/avatar\/c5c18e4565b8b8eeaa93015aff80c215039021fe9df0ce28568cb10397fcdae4?s=96&d=mm&r=g\",\"caption\":\"Vincent\"},\"url\":\"https:\/\/cinemadautomne.fr\/?author=1\"}]}<\/script>\n<!-- \/ Yoast SEO plugin. -->","yoast_head_json":{"title":"Pattie et la col\u00e8re de Pose\u00efdon - Festival Cin\u00e9ma d&#039;ici","robots":{"index":"index","follow":"follow","max-snippet":"max-snippet:-1","max-image-preview":"max-image-preview:large","max-video-preview":"max-video-preview:-1"},"canonical":"https:\/\/cinemadautomne.fr\/?p=4439","og_locale":"fr_FR","og_type":"article","og_title":"Pattie et la col\u00e8re de Pose\u00efdon - Festival Cin\u00e9ma d&#039;ici","og_description":"Mercredi 27 septembre \u00e0 15hPATTIE ET LE COL\u00c8REDE POS\u00c9IDONFrance 2023. Un film d\u2019animation de David Alaux. Dur\u00e9e : 1h36La vie [&hellip;]","og_url":"https:\/\/cinemadautomne.fr\/?p=4439","og_site_name":"Festival Cin\u00e9ma d&#039;ici","article_publisher":"https:\/\/www.facebook.com\/cinemadautomne","article_published_time":"2023-09-16T09:46:26+00:00","article_modified_time":"2023-09-16T12:18:38+00:00","author":"Vincent","twitter_card":"summary_large_image","twitter_misc":{"\u00c9crit par":"Vincent","Dur\u00e9e de lecture estim\u00e9e":"1 minute"},"schema":{"@context":"https:\/\/schema.org","@graph":[{"@type":"Article","@id":"https:\/\/cinemadautomne.fr\/?p=4439#article","isPartOf":{"@id":"https:\/\/cinemadautomne.fr\/?p=4439"},"author":{"name":"Vincent","@id":"https:\/\/cinemadautomne.fr\/#\/schema\/person\/a5fa7ea12fb016de4d0c111f5f07e9dd"},"headline":"Pattie et la col\u00e8re de Pose\u00efdon","datePublished":"2023-09-16T09:46:26+00:00","dateModified":"2023-09-16T12:18:38+00:00","mainEntityOfPage":{"@id":"https:\/\/cinemadautomne.fr\/?p=4439"},"wordCount":130,"publisher":{"@id":"https:\/\/cinemadautomne.fr\/#organization"},"articleSection":["Caroussel-2023"],"inLanguage":"fr-FR"},{"@type":"WebPage","@id":"https:\/\/cinemadautomne.fr\/?p=4439","url":"https:\/\/cinemadautomne.fr\/?p=4439","name":"Pattie et la col\u00e8re de Pose\u00efdon - Festival Cin\u00e9ma d&#039;ici","isPartOf":{"@id":"https:\/\/cinemadautomne.fr\/#website"},"datePublished":"2023-09-16T09:46:26+00:00","dateModified":"2023-09-16T12:18:38+00:00","breadcrumb":{"@id":"https:\/\/cinemadautomne.fr\/?p=4439#breadcrumb"},"inLanguage":"fr-FR","potentialAction":[{"@type":"ReadAction","target":["https:\/\/cinemadautomne.fr\/?p=4439"]}]},{"@type":"BreadcrumbList","@id":"https:\/\/cinemadautomne.fr\/?p=4439#breadcrumb","itemListElement":[{"@type":"ListItem","position":1,"name":"Accueil","item":"https:\/\/cinemadautomne.fr\/"},{"@type":"ListItem","position":2,"name":"Pattie et la col\u00e8re de Pose\u00efdon"}]},{"@type":"WebSite","@id":"https:\/\/cinemadautomne.fr\/#website","url":"https:\/\/cinemadautomne.fr\/","name":"Festival Cin\u00e9ma d'ici","description":"du 24 au 28 septembre \u00e0 Castelnaudary","publisher":{"@id":"https:\/\/cinemadautomne.fr\/#organization"},"potentialAction":[{"@type":"SearchAction","target":{"@type":"EntryPoint","urlTemplate":"https:\/\/cinemadautomne.fr\/?s={search_term_string}"},"query-input":{"@type":"PropertyValueSpecification","valueRequired":true,"valueName":"search_term_string"}}],"inLanguage":"fr-FR"},{"@type":"Organization","@id":"https:\/\/cinemadautomne.fr\/#organization","name":"Festival Cin\u00e9ma d'ici","url":"https:\/\/cinemadautomne.fr\/","logo":{"@type":"ImageObject","inLanguage":"fr-FR","@id":"https:\/\/cinemadautomne.fr\/#\/schema\/logo\/image\/","url":"https:\/\/cinemadautomne.fr\/wp-content\/uploads\/2021\/09\/CinemaDAutomnedivers_LogoFinal_03LieDeVin_RVB_Plan-de-travail-1-e1631457910433.jpg","contentUrl":"https:\/\/cinemadautomne.fr\/wp-content\/uploads\/2021\/09\/CinemaDAutomnedivers_LogoFinal_03LieDeVin_RVB_Plan-de-travail-1-e1631457910433.jpg","width":350,"height":223,"caption":"Festival Cin\u00e9ma d'ici"},"image":{"@id":"https:\/\/cinemadautomne.fr\/#\/schema\/logo\/image\/"},"sameAs":["https:\/\/www.facebook.com\/cinemadautomne","https:\/\/www.instagram.com\/festivalcineautomne\/"]},{"@type":"Person","@id":"https:\/\/cinemadautomne.fr\/#\/schema\/person\/a5fa7ea12fb016de4d0c111f5f07e9dd","name":"Vincent","image":{"@type":"ImageObject","inLanguage":"fr-FR","@id":"https:\/\/cinemadautomne.fr\/#\/schema\/person\/image\/","url":"https:\/\/secure.gravatar.com\/avatar\/c5c18e4565b8b8eeaa93015aff80c215039021fe9df0ce28568cb10397fcdae4?s=96&d=mm&r=g","contentUrl":"https:\/\/secure.gravatar.com\/avatar\/c5c18e4565b8b8eeaa93015aff80c215039021fe9df0ce28568cb10397fcdae4?s=96&d=mm&r=g","caption":"Vincent"},"url":"https:\/\/cinemadautomne.fr\/?author=1"}]}},"_links":{"self":[{"href":"https:\/\/cinemadautomne.fr\/index.php?rest_route=\/wp\/v2\/posts\/4439","targetHints":{"allow":["GET"]}}],"collection":[{"href":"https:\/\/cinemadautomne.fr\/index.php?rest_route=\/wp\/v2\/posts"}],"about":[{"href":"https:\/\/cinemadautomne.fr\/index.php?rest_route=\/wp\/v2\/types\/post"}],"author":[{"embeddable":true,"href":"https:\/\/cinemadautomne.fr\/index.php?rest_route=\/wp\/v2\/users\/1"}],"replies":[{"embeddable":true,"href":"https:\/\/cinemadautomne.fr\/index.php?rest_route=%2Fwp%2Fv2%2Fcomments&post=4439"}],"version-history":[{"count":6,"href":"https:\/\/cinemadautomne.fr\/index.php?rest_route=\/wp\/v2\/posts\/4439\/revisions"}],"predecessor-version":[{"id":4594,"href":"https:\/\/cinemadautomne.fr\/index.php?rest_route=\/wp\/v2\/posts\/4439\/revisions\/4594"}],"wp:attachment":[{"href":"https:\/\/cinemadautomne.fr\/index.php?rest_route=%2Fwp%2Fv2%2Fmedia&parent=4439"}],"wp:term":[{"taxonomy":"category","embeddable":true,"href":"https:\/\/cinemadautomne.fr\/index.php?rest_route=%2Fwp%2Fv2%2Fcategories&post=4439"},{"taxonomy":"post_tag","embeddable":true,"href":"https:\/\/cinemadautomne.fr\/index.php?rest_route=%2Fwp%2Fv2%2Ftags&post=4439"}],"curies":[{"name":"wp","href":"https:\/\/api.w.org\/{rel}","templated":true}]}}