{"id":414,"date":"2015-05-29T20:29:03","date_gmt":"2015-05-29T20:29:03","guid":{"rendered":"http:\/\/cinemadautomne.fr\/?p=414"},"modified":"2016-07-24T19:43:47","modified_gmt":"2016-07-24T19:43:47","slug":"thomas-azuelos","status":"publish","type":"post","link":"https:\/\/cinemadautomne.fr\/?p=414","title":{"rendered":"2015 &#8211; Thomas Azuelos"},"content":{"rendered":"<h3 style=\"text-align: center;\"><span style=\"color: #ff0000;\">Pr\u00e9sent toute la matin\u00e9e du samedi 3 octobre<\/span><\/h3>\n<p>&nbsp;<\/p>\n<p><strong>Auteur de bande dessin\u00e9e.<\/strong><\/p>\n<p>Il a fait plusieurs livres pour les \u00e9ditions Carabas, T\u00e9l\u00e9maque, Akh\u00e9naton et la s\u00e9rie Abiga\u00ebl Martini (r\u00e9\u00e9dit\u00e9e chez Cambourakis en novembre) avant de publier en 2015 Le Fant\u00f4me arm\u00e9nien aux \u00e9ditions Futuropolis.<br \/>\nDe formation autodidacte, il a \u00e9galement pratiqu\u00e9 l\u2019enseignement, l\u2019illustration, le journalisme et la sc\u00e9nographie.<br \/>\nIl a collabor\u00e9 \u00e0 des films d\u2019animation, dont \u00ab\u00a0Chienne d\u2019histoire\u00a0\u00bb, un court-m\u00e9trage de Serge Av\u00e9dikian dont il a fait les peintures et qui a eu la Palme d\u2019or \u00e0 Cannes en 2010, ou le pilote de la s\u00e9rie documentaire \u00ab\u00a0Juifs et Musulmans. Si loin, si proches\u00a0\u00bb, r\u00e9alis\u00e9e par Karim Misk\u00e9.<br \/>\nIl a dessin\u00e9 quelques ann\u00e9es pour Rue 89 puis pour CQFD la chronique Le Ventre de Marseille.<br \/>\nIl a r\u00e9alis\u00e9 les peintures d\u2019une fresque interactive et sonore, coproduite par Arte et le Mucem, \u00ab\u00a0Marseille, le mistral urbain\u00a0\u00bb<br \/>\nEn 2016 Cambourakis publiera sa bande dessin\u00e9e inspir\u00e9e du roman de l\u2019\u00e9crivain \u00e9gyptien Sonallah Ibrahim, \u00ab\u00a0Le Comit\u00e9\u00a0\u00bb.<\/p>\n<p>&nbsp;<\/p>\n<p style=\"text-align: right;\">\u2192\u00a0\u00a0\u00a0\u00a0 <a href=\"http:\/\/azuel.free.fr\" target=\"_blank\">http:\/\/azuel.free.fr<\/a><\/p>\n<p>&nbsp;<\/p>\n<div class=\"ast-oembed-container \" style=\"height: 100%;\"><iframe title=\"Thomas Azuelos \u00e0 la Librairie du MuCEM - 11\/04\/2015\" width=\"500\" height=\"281\" src=\"https:\/\/www.youtube.com\/embed\/VTmOviowviM?feature=oembed\" frameborder=\"0\" allow=\"accelerometer; autoplay; clipboard-write; encrypted-media; gyroscope; picture-in-picture; web-share\" referrerpolicy=\"strict-origin-when-cross-origin\" allowfullscreen><\/iframe><\/div>\n<p>&nbsp;<\/p>\n<p style=\"text-align: left;\"><strong>Bandes dessin\u00e9es<\/strong><br \/>\n\u2022 Le Comit\u00e9, une libre adaptation du roman de Sonallah Ibrahim, Cambourakis, parution d\u00e9but 2016<br \/>\n\u2022 Abiga\u00ebl Martini, l\u2019int\u00e9grale, Cambourakis, novembre 2015.<br \/>\n\u2022 Le fant\u00f4me arm\u00e9nien, en collaboration avec Guillaume Perrier et Laure Marchand, Futuropolis, parution avril 2015<br \/>\n\u2022 Mingus Soledad, sur un sc\u00e9nario de Anthony Pastor, magazine Aaarg!, octobre 2013<br \/>\n\u2022 Abiga\u00ebl Martini, Le Grand Singe Vivant, sc\u00e9nario &amp; dessins, \u00e9ditions Carabas, avril 2012.<br \/>\n\u2022 Le bled, 2 pages pour une exposition collective \u00ab\u00a0 Un lieu, des liens\u00a0 \u00bb, organis\u00e9e par l\u2019Omnibus aux Archives et Biblioth\u00e8que d\u00e9partementales des Bouches-du-Rh\u00f4ne, janvier-avril 2011.<br \/>\n\u2022 Carnet d\u2019un retour de Troie, sc\u00e9nario &amp; dessins, \u00e9ditions La Femme Poisson, 2009.<br \/>\n\u2022 Abiga\u00ebl Martini, La Nuit des Enfants, sc\u00e9nario &amp; dessins, \u00e9ditions Carabas, 2008.<br \/>\n\u2022 Abiga\u00ebl Martini, sc\u00e9nario &amp; dessins, \u00e9ditions Carabas, 2006.<br \/>\n\u2022 Akh\u00e9naton, sc\u00e9nario de David Calvo, \u00e9ditions Carabas, 2006.<br \/>\n\u2022 T\u00e9l\u00e9maque, sc\u00e9nario de David Calvo, \u00e9ditions Carabas, 2004.<\/p>\n<p><strong>Albums jeunesse<\/strong><br \/>\n\u2022 Grand Monsieur et petit papa, \u00e9ditions L&rsquo;initiale, mars 2012<br \/>\n\u2022 Frankenstein, Le Port a jauni et le Badaboum Th\u00e9\u00e2tre, Marseille, 2002<\/p>\n<p><strong>Film d\u2019animation<\/strong><br \/>\n\u2022 Depuis septembre 2013, film en cours : Dernier Round \u00e0 Istanbul, r\u00e9alisation Serge Avedikian, production Maybe movie. Sortie pr\u00e9vue en 2015.<br \/>\n\u2022 Story board et dessins pour le trailer du film documentaire, Juifs et Musulmans, si loin si proches, r\u00e9alisation Karim Misk\u00e9, Production Phares et Balises. Mars 2011<br \/>\n\u2022 R\u00e9alisation des dessins et peintures pour le court m\u00e9trage d\u2019animation Chienne d\u2019histoire, de Serge Avedikian, produit par Sacrebleu Production, Arte France et Anadolu Kultur.<br \/>\nPalme d\u2019or du court-m\u00e9trage au 63\u00e8me Festival de Cannes (2010).<\/p>\n<p><strong>Concert &amp; peinture<\/strong><br \/>\n\u2022 Rosa L. Autour de textes de Rosa Luxemburg.<br \/>\nConcert peinture, le 2 avril 2015 \u00e0 la Biblioth\u00e8que d\u00e9partementale des Bouches\u2010du\u2010Rh\u00f4ne. Un partenariat entre le gmem\u2010CNCM\u2010Marseille, le GRIM et la Biblioth\u00e8que d\u00e9partementale des Bouches\u2010du\u2010Rh\u00f4ne.<br \/>\nAvec Jean\u2010Marc Montera, guitares, Daniel Erdmann, saxophone, Christian Sebille, \u00e9lectronique, Thomas Azu\u00e9los, peinture.<br \/>\n\u2022 Dans le r\u00e9troviseur, un concert peinture avec les musiciens Fred Nevchehirlian, Gildas Etevenard et Julien Lefevre, en ouverture des Littorales 2014, Th\u00e9\u00e2tre Mazenod, Marseille.<\/p>\n<p><strong>Fresque, illustration et chroniques<\/strong><br \/>\n\u2022 Illustrations pour une fresque graphique et interactive : Carnet de ville : Marseille, le mistral urbain.\u00a0 Coproduction Arte \u2013 Mucem. Sur http:\/\/mistral-urbain.arte.tv\/fr\/<br \/>\n\u2022 Le Ventre de Marseille, une chronique mensuelle sur le site Rue 89 puis dans le journal CQFD.<br \/>\n\u2022 Dessins pour CQFD, Le Monde et ses suppl\u00e9ments (Le Monde des livres, Le Monde de l\u2019argent), pour Le Monde de l&rsquo;\u00e9ducation, La Provence, Marseille l&rsquo;Hebdo, Ventilo, Taktik&#8230;<\/p>\n<!-- AddThis Advanced Settings generic via filter on the_content --><!-- AddThis Share Buttons generic via filter on the_content -->","protected":false},"excerpt":{"rendered":"<p>Pr\u00e9sent toute la matin\u00e9e du samedi 3 octobre &nbsp; Auteur de bande dessin\u00e9e. Il a fait plusieurs livres pour les [&hellip;]<!-- AddThis Advanced Settings generic via filter on get_the_excerpt --><!-- AddThis Share Buttons generic via filter on get_the_excerpt --><\/p>\n","protected":false},"author":1,"featured_media":0,"comment_status":"closed","ping_status":"closed","sticky":false,"template":"","format":"standard","meta":{"site-sidebar-layout":"default","site-content-layout":"","ast-site-content-layout":"default","site-content-style":"default","site-sidebar-style":"default","ast-global-header-display":"","ast-banner-title-visibility":"","ast-main-header-display":"","ast-hfb-above-header-display":"","ast-hfb-below-header-display":"","ast-hfb-mobile-header-display":"","site-post-title":"","ast-breadcrumbs-content":"","ast-featured-img":"","footer-sml-layout":"","theme-transparent-header-meta":"","adv-header-id-meta":"","stick-header-meta":"","header-above-stick-meta":"","header-main-stick-meta":"","header-below-stick-meta":"","astra-migrate-meta-layouts":"default","ast-page-background-enabled":"default","ast-page-background-meta":{"desktop":{"background-color":"var(--ast-global-color-5)","background-image":"","background-repeat":"repeat","background-position":"center center","background-size":"auto","background-attachment":"scroll","background-type":"","background-media":"","overlay-type":"","overlay-color":"","overlay-opacity":"","overlay-gradient":""},"tablet":{"background-color":"","background-image":"","background-repeat":"repeat","background-position":"center center","background-size":"auto","background-attachment":"scroll","background-type":"","background-media":"","overlay-type":"","overlay-color":"","overlay-opacity":"","overlay-gradient":""},"mobile":{"background-color":"","background-image":"","background-repeat":"repeat","background-position":"center center","background-size":"auto","background-attachment":"scroll","background-type":"","background-media":"","overlay-type":"","overlay-color":"","overlay-opacity":"","overlay-gradient":""}},"ast-content-background-meta":{"desktop":{"background-color":"var(--ast-global-color-4)","background-image":"","background-repeat":"repeat","background-position":"center center","background-size":"auto","background-attachment":"scroll","background-type":"","background-media":"","overlay-type":"","overlay-color":"","overlay-opacity":"","overlay-gradient":""},"tablet":{"background-color":"var(--ast-global-color-4)","background-image":"","background-repeat":"repeat","background-position":"center center","background-size":"auto","background-attachment":"scroll","background-type":"","background-media":"","overlay-type":"","overlay-color":"","overlay-opacity":"","overlay-gradient":""},"mobile":{"background-color":"var(--ast-global-color-4)","background-image":"","background-repeat":"repeat","background-position":"center center","background-size":"auto","background-attachment":"scroll","background-type":"","background-media":"","overlay-type":"","overlay-color":"","overlay-opacity":"","overlay-gradient":""}},"footnotes":""},"categories":[7],"tags":[],"class_list":["post-414","post","type-post","status-publish","format-standard","hentry","category-invites"],"yoast_head":"<!-- This site is optimized with the Yoast SEO plugin v25.5 - https:\/\/yoast.com\/wordpress\/plugins\/seo\/ -->\n<title>2015 - Thomas Azuelos - Festival Cin\u00e9ma d&#039;ici<\/title>\n<meta name=\"robots\" content=\"index, follow, max-snippet:-1, max-image-preview:large, max-video-preview:-1\" \/>\n<link rel=\"canonical\" href=\"https:\/\/cinemadautomne.fr\/?p=414\" \/>\n<meta property=\"og:locale\" content=\"fr_FR\" \/>\n<meta property=\"og:type\" content=\"article\" \/>\n<meta property=\"og:title\" content=\"2015 - Thomas Azuelos - Festival Cin\u00e9ma d&#039;ici\" \/>\n<meta property=\"og:description\" content=\"Pr\u00e9sent toute la matin\u00e9e du samedi 3 octobre &nbsp; Auteur de bande dessin\u00e9e. Il a fait plusieurs livres pour les [&hellip;]\" \/>\n<meta property=\"og:url\" content=\"https:\/\/cinemadautomne.fr\/?p=414\" \/>\n<meta property=\"og:site_name\" content=\"Festival Cin\u00e9ma d&#039;ici\" \/>\n<meta property=\"article:publisher\" content=\"https:\/\/www.facebook.com\/cinemadautomne\" \/>\n<meta property=\"article:published_time\" content=\"2015-05-29T20:29:03+00:00\" \/>\n<meta property=\"article:modified_time\" content=\"2016-07-24T19:43:47+00:00\" \/>\n<meta name=\"author\" content=\"Vincent\" \/>\n<meta name=\"twitter:card\" content=\"summary_large_image\" \/>\n<meta name=\"twitter:label1\" content=\"\u00c9crit par\" \/>\n\t<meta name=\"twitter:data1\" content=\"Vincent\" \/>\n\t<meta name=\"twitter:label2\" content=\"Dur\u00e9e de lecture estim\u00e9e\" \/>\n\t<meta name=\"twitter:data2\" content=\"3 minutes\" \/>\n<script type=\"application\/ld+json\" class=\"yoast-schema-graph\">{\"@context\":\"https:\/\/schema.org\",\"@graph\":[{\"@type\":\"Article\",\"@id\":\"https:\/\/cinemadautomne.fr\/?p=414#article\",\"isPartOf\":{\"@id\":\"https:\/\/cinemadautomne.fr\/?p=414\"},\"author\":{\"name\":\"Vincent\",\"@id\":\"https:\/\/cinemadautomne.fr\/#\/schema\/person\/a5fa7ea12fb016de4d0c111f5f07e9dd\"},\"headline\":\"2015 &#8211; Thomas Azuelos\",\"datePublished\":\"2015-05-29T20:29:03+00:00\",\"dateModified\":\"2016-07-24T19:43:47+00:00\",\"mainEntityOfPage\":{\"@id\":\"https:\/\/cinemadautomne.fr\/?p=414\"},\"wordCount\":623,\"publisher\":{\"@id\":\"https:\/\/cinemadautomne.fr\/#organization\"},\"articleSection\":[\"Invit\u00e9s (2015)\"],\"inLanguage\":\"fr-FR\"},{\"@type\":\"WebPage\",\"@id\":\"https:\/\/cinemadautomne.fr\/?p=414\",\"url\":\"https:\/\/cinemadautomne.fr\/?p=414\",\"name\":\"2015 - Thomas Azuelos - Festival Cin\u00e9ma d&#039;ici\",\"isPartOf\":{\"@id\":\"https:\/\/cinemadautomne.fr\/#website\"},\"datePublished\":\"2015-05-29T20:29:03+00:00\",\"dateModified\":\"2016-07-24T19:43:47+00:00\",\"breadcrumb\":{\"@id\":\"https:\/\/cinemadautomne.fr\/?p=414#breadcrumb\"},\"inLanguage\":\"fr-FR\",\"potentialAction\":[{\"@type\":\"ReadAction\",\"target\":[\"https:\/\/cinemadautomne.fr\/?p=414\"]}]},{\"@type\":\"BreadcrumbList\",\"@id\":\"https:\/\/cinemadautomne.fr\/?p=414#breadcrumb\",\"itemListElement\":[{\"@type\":\"ListItem\",\"position\":1,\"name\":\"Accueil\",\"item\":\"https:\/\/cinemadautomne.fr\/\"},{\"@type\":\"ListItem\",\"position\":2,\"name\":\"2015 &#8211; Thomas Azuelos\"}]},{\"@type\":\"WebSite\",\"@id\":\"https:\/\/cinemadautomne.fr\/#website\",\"url\":\"https:\/\/cinemadautomne.fr\/\",\"name\":\"Festival Cin\u00e9ma d'ici\",\"description\":\"du 24 au 28 septembre \u00e0 Castelnaudary\",\"publisher\":{\"@id\":\"https:\/\/cinemadautomne.fr\/#organization\"},\"potentialAction\":[{\"@type\":\"SearchAction\",\"target\":{\"@type\":\"EntryPoint\",\"urlTemplate\":\"https:\/\/cinemadautomne.fr\/?s={search_term_string}\"},\"query-input\":{\"@type\":\"PropertyValueSpecification\",\"valueRequired\":true,\"valueName\":\"search_term_string\"}}],\"inLanguage\":\"fr-FR\"},{\"@type\":\"Organization\",\"@id\":\"https:\/\/cinemadautomne.fr\/#organization\",\"name\":\"Festival Cin\u00e9ma d'ici\",\"url\":\"https:\/\/cinemadautomne.fr\/\",\"logo\":{\"@type\":\"ImageObject\",\"inLanguage\":\"fr-FR\",\"@id\":\"https:\/\/cinemadautomne.fr\/#\/schema\/logo\/image\/\",\"url\":\"https:\/\/cinemadautomne.fr\/wp-content\/uploads\/2021\/09\/CinemaDAutomnedivers_LogoFinal_03LieDeVin_RVB_Plan-de-travail-1-e1631457910433.jpg\",\"contentUrl\":\"https:\/\/cinemadautomne.fr\/wp-content\/uploads\/2021\/09\/CinemaDAutomnedivers_LogoFinal_03LieDeVin_RVB_Plan-de-travail-1-e1631457910433.jpg\",\"width\":350,\"height\":223,\"caption\":\"Festival Cin\u00e9ma d'ici\"},\"image\":{\"@id\":\"https:\/\/cinemadautomne.fr\/#\/schema\/logo\/image\/\"},\"sameAs\":[\"https:\/\/www.facebook.com\/cinemadautomne\",\"https:\/\/www.instagram.com\/festivalcineautomne\/\"]},{\"@type\":\"Person\",\"@id\":\"https:\/\/cinemadautomne.fr\/#\/schema\/person\/a5fa7ea12fb016de4d0c111f5f07e9dd\",\"name\":\"Vincent\",\"image\":{\"@type\":\"ImageObject\",\"inLanguage\":\"fr-FR\",\"@id\":\"https:\/\/cinemadautomne.fr\/#\/schema\/person\/image\/\",\"url\":\"https:\/\/secure.gravatar.com\/avatar\/c5c18e4565b8b8eeaa93015aff80c215039021fe9df0ce28568cb10397fcdae4?s=96&d=mm&r=g\",\"contentUrl\":\"https:\/\/secure.gravatar.com\/avatar\/c5c18e4565b8b8eeaa93015aff80c215039021fe9df0ce28568cb10397fcdae4?s=96&d=mm&r=g\",\"caption\":\"Vincent\"},\"url\":\"https:\/\/cinemadautomne.fr\/?author=1\"}]}<\/script>\n<!-- \/ Yoast SEO plugin. -->","yoast_head_json":{"title":"2015 - Thomas Azuelos - Festival Cin\u00e9ma d&#039;ici","robots":{"index":"index","follow":"follow","max-snippet":"max-snippet:-1","max-image-preview":"max-image-preview:large","max-video-preview":"max-video-preview:-1"},"canonical":"https:\/\/cinemadautomne.fr\/?p=414","og_locale":"fr_FR","og_type":"article","og_title":"2015 - Thomas Azuelos - Festival Cin\u00e9ma d&#039;ici","og_description":"Pr\u00e9sent toute la matin\u00e9e du samedi 3 octobre &nbsp; Auteur de bande dessin\u00e9e. Il a fait plusieurs livres pour les [&hellip;]","og_url":"https:\/\/cinemadautomne.fr\/?p=414","og_site_name":"Festival Cin\u00e9ma d&#039;ici","article_publisher":"https:\/\/www.facebook.com\/cinemadautomne","article_published_time":"2015-05-29T20:29:03+00:00","article_modified_time":"2016-07-24T19:43:47+00:00","author":"Vincent","twitter_card":"summary_large_image","twitter_misc":{"\u00c9crit par":"Vincent","Dur\u00e9e de lecture estim\u00e9e":"3 minutes"},"schema":{"@context":"https:\/\/schema.org","@graph":[{"@type":"Article","@id":"https:\/\/cinemadautomne.fr\/?p=414#article","isPartOf":{"@id":"https:\/\/cinemadautomne.fr\/?p=414"},"author":{"name":"Vincent","@id":"https:\/\/cinemadautomne.fr\/#\/schema\/person\/a5fa7ea12fb016de4d0c111f5f07e9dd"},"headline":"2015 &#8211; Thomas Azuelos","datePublished":"2015-05-29T20:29:03+00:00","dateModified":"2016-07-24T19:43:47+00:00","mainEntityOfPage":{"@id":"https:\/\/cinemadautomne.fr\/?p=414"},"wordCount":623,"publisher":{"@id":"https:\/\/cinemadautomne.fr\/#organization"},"articleSection":["Invit\u00e9s (2015)"],"inLanguage":"fr-FR"},{"@type":"WebPage","@id":"https:\/\/cinemadautomne.fr\/?p=414","url":"https:\/\/cinemadautomne.fr\/?p=414","name":"2015 - Thomas Azuelos - Festival Cin\u00e9ma d&#039;ici","isPartOf":{"@id":"https:\/\/cinemadautomne.fr\/#website"},"datePublished":"2015-05-29T20:29:03+00:00","dateModified":"2016-07-24T19:43:47+00:00","breadcrumb":{"@id":"https:\/\/cinemadautomne.fr\/?p=414#breadcrumb"},"inLanguage":"fr-FR","potentialAction":[{"@type":"ReadAction","target":["https:\/\/cinemadautomne.fr\/?p=414"]}]},{"@type":"BreadcrumbList","@id":"https:\/\/cinemadautomne.fr\/?p=414#breadcrumb","itemListElement":[{"@type":"ListItem","position":1,"name":"Accueil","item":"https:\/\/cinemadautomne.fr\/"},{"@type":"ListItem","position":2,"name":"2015 &#8211; Thomas Azuelos"}]},{"@type":"WebSite","@id":"https:\/\/cinemadautomne.fr\/#website","url":"https:\/\/cinemadautomne.fr\/","name":"Festival Cin\u00e9ma d'ici","description":"du 24 au 28 septembre \u00e0 Castelnaudary","publisher":{"@id":"https:\/\/cinemadautomne.fr\/#organization"},"potentialAction":[{"@type":"SearchAction","target":{"@type":"EntryPoint","urlTemplate":"https:\/\/cinemadautomne.fr\/?s={search_term_string}"},"query-input":{"@type":"PropertyValueSpecification","valueRequired":true,"valueName":"search_term_string"}}],"inLanguage":"fr-FR"},{"@type":"Organization","@id":"https:\/\/cinemadautomne.fr\/#organization","name":"Festival Cin\u00e9ma d'ici","url":"https:\/\/cinemadautomne.fr\/","logo":{"@type":"ImageObject","inLanguage":"fr-FR","@id":"https:\/\/cinemadautomne.fr\/#\/schema\/logo\/image\/","url":"https:\/\/cinemadautomne.fr\/wp-content\/uploads\/2021\/09\/CinemaDAutomnedivers_LogoFinal_03LieDeVin_RVB_Plan-de-travail-1-e1631457910433.jpg","contentUrl":"https:\/\/cinemadautomne.fr\/wp-content\/uploads\/2021\/09\/CinemaDAutomnedivers_LogoFinal_03LieDeVin_RVB_Plan-de-travail-1-e1631457910433.jpg","width":350,"height":223,"caption":"Festival Cin\u00e9ma d'ici"},"image":{"@id":"https:\/\/cinemadautomne.fr\/#\/schema\/logo\/image\/"},"sameAs":["https:\/\/www.facebook.com\/cinemadautomne","https:\/\/www.instagram.com\/festivalcineautomne\/"]},{"@type":"Person","@id":"https:\/\/cinemadautomne.fr\/#\/schema\/person\/a5fa7ea12fb016de4d0c111f5f07e9dd","name":"Vincent","image":{"@type":"ImageObject","inLanguage":"fr-FR","@id":"https:\/\/cinemadautomne.fr\/#\/schema\/person\/image\/","url":"https:\/\/secure.gravatar.com\/avatar\/c5c18e4565b8b8eeaa93015aff80c215039021fe9df0ce28568cb10397fcdae4?s=96&d=mm&r=g","contentUrl":"https:\/\/secure.gravatar.com\/avatar\/c5c18e4565b8b8eeaa93015aff80c215039021fe9df0ce28568cb10397fcdae4?s=96&d=mm&r=g","caption":"Vincent"},"url":"https:\/\/cinemadautomne.fr\/?author=1"}]}},"_links":{"self":[{"href":"https:\/\/cinemadautomne.fr\/index.php?rest_route=\/wp\/v2\/posts\/414","targetHints":{"allow":["GET"]}}],"collection":[{"href":"https:\/\/cinemadautomne.fr\/index.php?rest_route=\/wp\/v2\/posts"}],"about":[{"href":"https:\/\/cinemadautomne.fr\/index.php?rest_route=\/wp\/v2\/types\/post"}],"author":[{"embeddable":true,"href":"https:\/\/cinemadautomne.fr\/index.php?rest_route=\/wp\/v2\/users\/1"}],"replies":[{"embeddable":true,"href":"https:\/\/cinemadautomne.fr\/index.php?rest_route=%2Fwp%2Fv2%2Fcomments&post=414"}],"version-history":[{"count":6,"href":"https:\/\/cinemadautomne.fr\/index.php?rest_route=\/wp\/v2\/posts\/414\/revisions"}],"predecessor-version":[{"id":1148,"href":"https:\/\/cinemadautomne.fr\/index.php?rest_route=\/wp\/v2\/posts\/414\/revisions\/1148"}],"wp:attachment":[{"href":"https:\/\/cinemadautomne.fr\/index.php?rest_route=%2Fwp%2Fv2%2Fmedia&parent=414"}],"wp:term":[{"taxonomy":"category","embeddable":true,"href":"https:\/\/cinemadautomne.fr\/index.php?rest_route=%2Fwp%2Fv2%2Fcategories&post=414"},{"taxonomy":"post_tag","embeddable":true,"href":"https:\/\/cinemadautomne.fr\/index.php?rest_route=%2Fwp%2Fv2%2Ftags&post=414"}],"curies":[{"name":"wp","href":"https:\/\/api.w.org\/{rel}","templated":true}]}}