{"id":187,"date":"2015-05-30T13:48:25","date_gmt":"2015-05-30T13:48:25","guid":{"rendered":"http:\/\/cinemadautomne.fr\/?p=187"},"modified":"2016-07-24T19:43:41","modified_gmt":"2016-07-24T19:43:41","slug":"bulles-dexil","status":"publish","type":"post","link":"https:\/\/cinemadautomne.fr\/?p=187","title":{"rendered":"2015 &#8211; Bulles d&rsquo;exil"},"content":{"rendered":"<h3 style=\"text-align: center;\"><span style=\"color: #ff0000;\">Jeudi 1 octobre \u00e0 16h<br \/>\n<\/span><\/h3>\n<p>&nbsp;<\/p>\n<p><strong>Un film de Vincent Marie et Antoine Chosson (2014). Dur\u00e9e : 52 minutes.<\/strong><br \/>\n<strong> Avec ENKI BILAL &#8211; ZEINA ABIRACHED &#8211; SHAUN TAN &#8211; AURELIA AURITA &#8211; HALIM MAHMOUDI<\/strong><br \/>\n<strong> FARID BOUDJELLAL &#8211; BARU &#8211; CLEMENT BALOUP &#8211; JOSE MU\u00d1OZ &#8211; BAUDOIN<\/strong><br \/>\n<strong> et la participation artistique d\u2019Eddy Vaccaro, de Thomas Barri\u00e8re et d&rsquo;Estelle Brun.<\/strong><\/p>\n<p><em><span style=\"text-decoration: underline; color: #333399;\">R\u00e9alis\u00e9 en r\u00e9gion Languedoc-Roussillon<\/span><\/em><\/p>\n<p>&nbsp;<\/p>\n<p>La <strong>bande dessin\u00e9e<\/strong>, art s\u00e9quentiel, se nourrit d\u2019histoires : celles d\u2019artistes d\u2019origine libanaise, vietnamienne, italienne, alg\u00e9rienne ou argentine venus vivre et travailler en France ou celles d\u2019auteurs t\u00e9moins de l\u2019Histoire plan\u00e9taire des migrations. Entre les cases s\u2019esquissent les r\u00e9cits intimes, universels et po\u00e9tiques de leurs trajectoires humaines et cr\u00e9atrices. Leurs dessins sont plus que des traits, ils d\u00e9voilent les portraits sensibles d\u2019hommes et de femmes qui parviennent encore \u00e0 s\u2019\u00e9tonner, \u00e0 s\u2019interroger et \u00e0 nous entra\u00eener vers l\u2019essentiel : les mouvements de la vie\u2026<\/p>\n<p>&nbsp;<\/p>\n<div class=\"ast-oembed-container \" style=\"height: 100%;\"><iframe title=\"Entretien avec Vincent Marie et Antoine Chosson sur BULLES D&#039;EXIL\" width=\"500\" height=\"281\" src=\"https:\/\/www.youtube.com\/embed\/Js4T7WUaMMM?feature=oembed\" frameborder=\"0\" allow=\"accelerometer; autoplay; clipboard-write; encrypted-media; gyroscope; picture-in-picture; web-share\" referrerpolicy=\"strict-origin-when-cross-origin\" allowfullscreen><\/iframe><\/div>\n<p>&nbsp;<\/p>\n<p>Un film Calicot Productions, avec la participation de l\u2019association ANIMA et l\u2019aide du Mus\u00e9e de l\u2019Histoire de l\u2019Immigration,<br \/>\nen association avec TV SUD et le soutien du CNC (Centre National du Cin\u00e9ma et l&rsquo;Image Anim\u00e9e). Dessins originaux Eddy Vaccaro.<\/p>\n<p>&nbsp;<\/p>\n<p><a href=\"http:\/\/www.bullesdexil.com\/lequipe-du-film\/\" target=\"_blank\">\u2192\u00a0\u00a0\u00a0\u00a0 L&rsquo;EQUIPE DU FILM<\/a><\/p>\n<p><a href=\"http:\/\/www.bullesdexil.com\/les-auteurs-rencontres\/\" target=\"_blank\">\u2192\u00a0\u00a0\u00a0\u00a0 LES AUTEURS RENCONTRES<\/a><\/p>\n<p>&nbsp;<\/p>\n\n<!-- AddThis Advanced Settings generic via filter on the_content --><!-- AddThis Share Buttons generic via filter on the_content -->","protected":false},"excerpt":{"rendered":"<p>Jeudi 1 octobre \u00e0 16h &nbsp; Un film de Vincent Marie et Antoine Chosson (2014). Dur\u00e9e : 52 minutes. Avec [&hellip;]<!-- AddThis Advanced Settings generic via filter on get_the_excerpt --><!-- AddThis Share Buttons generic via filter on get_the_excerpt --><\/p>\n","protected":false},"author":1,"featured_media":0,"comment_status":"closed","ping_status":"closed","sticky":false,"template":"","format":"standard","meta":{"site-sidebar-layout":"default","site-content-layout":"","ast-site-content-layout":"default","site-content-style":"default","site-sidebar-style":"default","ast-global-header-display":"","ast-banner-title-visibility":"","ast-main-header-display":"","ast-hfb-above-header-display":"","ast-hfb-below-header-display":"","ast-hfb-mobile-header-display":"","site-post-title":"","ast-breadcrumbs-content":"","ast-featured-img":"","footer-sml-layout":"","theme-transparent-header-meta":"","adv-header-id-meta":"","stick-header-meta":"","header-above-stick-meta":"","header-main-stick-meta":"","header-below-stick-meta":"","astra-migrate-meta-layouts":"default","ast-page-background-enabled":"default","ast-page-background-meta":{"desktop":{"background-color":"var(--ast-global-color-5)","background-image":"","background-repeat":"repeat","background-position":"center center","background-size":"auto","background-attachment":"scroll","background-type":"","background-media":"","overlay-type":"","overlay-color":"","overlay-opacity":"","overlay-gradient":""},"tablet":{"background-color":"","background-image":"","background-repeat":"repeat","background-position":"center center","background-size":"auto","background-attachment":"scroll","background-type":"","background-media":"","overlay-type":"","overlay-color":"","overlay-opacity":"","overlay-gradient":""},"mobile":{"background-color":"","background-image":"","background-repeat":"repeat","background-position":"center center","background-size":"auto","background-attachment":"scroll","background-type":"","background-media":"","overlay-type":"","overlay-color":"","overlay-opacity":"","overlay-gradient":""}},"ast-content-background-meta":{"desktop":{"background-color":"var(--ast-global-color-4)","background-image":"","background-repeat":"repeat","background-position":"center center","background-size":"auto","background-attachment":"scroll","background-type":"","background-media":"","overlay-type":"","overlay-color":"","overlay-opacity":"","overlay-gradient":""},"tablet":{"background-color":"var(--ast-global-color-4)","background-image":"","background-repeat":"repeat","background-position":"center center","background-size":"auto","background-attachment":"scroll","background-type":"","background-media":"","overlay-type":"","overlay-color":"","overlay-opacity":"","overlay-gradient":""},"mobile":{"background-color":"var(--ast-global-color-4)","background-image":"","background-repeat":"repeat","background-position":"center center","background-size":"auto","background-attachment":"scroll","background-type":"","background-media":"","overlay-type":"","overlay-color":"","overlay-opacity":"","overlay-gradient":""}},"footnotes":""},"categories":[17,3],"tags":[],"class_list":["post-187","post","type-post","status-publish","format-standard","hentry","category-autres-films-en-region","category-films"],"yoast_head":"<!-- This site is optimized with the Yoast SEO plugin v25.5 - https:\/\/yoast.com\/wordpress\/plugins\/seo\/ -->\n<title>2015 - Bulles d&#039;exil - Festival Cin\u00e9ma d&#039;ici<\/title>\n<meta name=\"robots\" content=\"index, follow, max-snippet:-1, max-image-preview:large, max-video-preview:-1\" \/>\n<link rel=\"canonical\" href=\"https:\/\/cinemadautomne.fr\/?p=187\" \/>\n<meta property=\"og:locale\" content=\"fr_FR\" \/>\n<meta property=\"og:type\" content=\"article\" \/>\n<meta property=\"og:title\" content=\"2015 - Bulles d&#039;exil - Festival Cin\u00e9ma d&#039;ici\" \/>\n<meta property=\"og:description\" content=\"Jeudi 1 octobre \u00e0 16h &nbsp; Un film de Vincent Marie et Antoine Chosson (2014). Dur\u00e9e : 52 minutes. Avec [&hellip;]\" \/>\n<meta property=\"og:url\" content=\"https:\/\/cinemadautomne.fr\/?p=187\" \/>\n<meta property=\"og:site_name\" content=\"Festival Cin\u00e9ma d&#039;ici\" \/>\n<meta property=\"article:publisher\" content=\"https:\/\/www.facebook.com\/cinemadautomne\" \/>\n<meta property=\"article:published_time\" content=\"2015-05-30T13:48:25+00:00\" \/>\n<meta property=\"article:modified_time\" content=\"2016-07-24T19:43:41+00:00\" \/>\n<meta name=\"author\" content=\"Vincent\" \/>\n<meta name=\"twitter:card\" content=\"summary_large_image\" \/>\n<meta name=\"twitter:label1\" content=\"\u00c9crit par\" \/>\n\t<meta name=\"twitter:data1\" content=\"Vincent\" \/>\n\t<meta name=\"twitter:label2\" content=\"Dur\u00e9e de lecture estim\u00e9e\" \/>\n\t<meta name=\"twitter:data2\" content=\"1 minute\" \/>\n<script type=\"application\/ld+json\" class=\"yoast-schema-graph\">{\"@context\":\"https:\/\/schema.org\",\"@graph\":[{\"@type\":\"Article\",\"@id\":\"https:\/\/cinemadautomne.fr\/?p=187#article\",\"isPartOf\":{\"@id\":\"https:\/\/cinemadautomne.fr\/?p=187\"},\"author\":{\"name\":\"Vincent\",\"@id\":\"https:\/\/cinemadautomne.fr\/#\/schema\/person\/a5fa7ea12fb016de4d0c111f5f07e9dd\"},\"headline\":\"2015 &#8211; Bulles d&rsquo;exil\",\"datePublished\":\"2015-05-30T13:48:25+00:00\",\"dateModified\":\"2016-07-24T19:43:41+00:00\",\"mainEntityOfPage\":{\"@id\":\"https:\/\/cinemadautomne.fr\/?p=187\"},\"wordCount\":243,\"publisher\":{\"@id\":\"https:\/\/cinemadautomne.fr\/#organization\"},\"articleSection\":[\"Autres films en r\u00e9gion (2015)\",\"Films (2015)\"],\"inLanguage\":\"fr-FR\"},{\"@type\":\"WebPage\",\"@id\":\"https:\/\/cinemadautomne.fr\/?p=187\",\"url\":\"https:\/\/cinemadautomne.fr\/?p=187\",\"name\":\"2015 - Bulles d'exil - Festival Cin\u00e9ma d&#039;ici\",\"isPartOf\":{\"@id\":\"https:\/\/cinemadautomne.fr\/#website\"},\"datePublished\":\"2015-05-30T13:48:25+00:00\",\"dateModified\":\"2016-07-24T19:43:41+00:00\",\"breadcrumb\":{\"@id\":\"https:\/\/cinemadautomne.fr\/?p=187#breadcrumb\"},\"inLanguage\":\"fr-FR\",\"potentialAction\":[{\"@type\":\"ReadAction\",\"target\":[\"https:\/\/cinemadautomne.fr\/?p=187\"]}]},{\"@type\":\"BreadcrumbList\",\"@id\":\"https:\/\/cinemadautomne.fr\/?p=187#breadcrumb\",\"itemListElement\":[{\"@type\":\"ListItem\",\"position\":1,\"name\":\"Accueil\",\"item\":\"https:\/\/cinemadautomne.fr\/\"},{\"@type\":\"ListItem\",\"position\":2,\"name\":\"2015 &#8211; Bulles d&rsquo;exil\"}]},{\"@type\":\"WebSite\",\"@id\":\"https:\/\/cinemadautomne.fr\/#website\",\"url\":\"https:\/\/cinemadautomne.fr\/\",\"name\":\"Festival Cin\u00e9ma d'ici\",\"description\":\"du 24 au 28 septembre \u00e0 Castelnaudary\",\"publisher\":{\"@id\":\"https:\/\/cinemadautomne.fr\/#organization\"},\"potentialAction\":[{\"@type\":\"SearchAction\",\"target\":{\"@type\":\"EntryPoint\",\"urlTemplate\":\"https:\/\/cinemadautomne.fr\/?s={search_term_string}\"},\"query-input\":{\"@type\":\"PropertyValueSpecification\",\"valueRequired\":true,\"valueName\":\"search_term_string\"}}],\"inLanguage\":\"fr-FR\"},{\"@type\":\"Organization\",\"@id\":\"https:\/\/cinemadautomne.fr\/#organization\",\"name\":\"Festival Cin\u00e9ma d'ici\",\"url\":\"https:\/\/cinemadautomne.fr\/\",\"logo\":{\"@type\":\"ImageObject\",\"inLanguage\":\"fr-FR\",\"@id\":\"https:\/\/cinemadautomne.fr\/#\/schema\/logo\/image\/\",\"url\":\"https:\/\/cinemadautomne.fr\/wp-content\/uploads\/2021\/09\/CinemaDAutomnedivers_LogoFinal_03LieDeVin_RVB_Plan-de-travail-1-e1631457910433.jpg\",\"contentUrl\":\"https:\/\/cinemadautomne.fr\/wp-content\/uploads\/2021\/09\/CinemaDAutomnedivers_LogoFinal_03LieDeVin_RVB_Plan-de-travail-1-e1631457910433.jpg\",\"width\":350,\"height\":223,\"caption\":\"Festival Cin\u00e9ma d'ici\"},\"image\":{\"@id\":\"https:\/\/cinemadautomne.fr\/#\/schema\/logo\/image\/\"},\"sameAs\":[\"https:\/\/www.facebook.com\/cinemadautomne\",\"https:\/\/www.instagram.com\/festivalcineautomne\/\"]},{\"@type\":\"Person\",\"@id\":\"https:\/\/cinemadautomne.fr\/#\/schema\/person\/a5fa7ea12fb016de4d0c111f5f07e9dd\",\"name\":\"Vincent\",\"image\":{\"@type\":\"ImageObject\",\"inLanguage\":\"fr-FR\",\"@id\":\"https:\/\/cinemadautomne.fr\/#\/schema\/person\/image\/\",\"url\":\"https:\/\/secure.gravatar.com\/avatar\/c5c18e4565b8b8eeaa93015aff80c215039021fe9df0ce28568cb10397fcdae4?s=96&d=mm&r=g\",\"contentUrl\":\"https:\/\/secure.gravatar.com\/avatar\/c5c18e4565b8b8eeaa93015aff80c215039021fe9df0ce28568cb10397fcdae4?s=96&d=mm&r=g\",\"caption\":\"Vincent\"},\"url\":\"https:\/\/cinemadautomne.fr\/?author=1\"}]}<\/script>\n<!-- \/ Yoast SEO plugin. -->","yoast_head_json":{"title":"2015 - Bulles d'exil - Festival Cin\u00e9ma d&#039;ici","robots":{"index":"index","follow":"follow","max-snippet":"max-snippet:-1","max-image-preview":"max-image-preview:large","max-video-preview":"max-video-preview:-1"},"canonical":"https:\/\/cinemadautomne.fr\/?p=187","og_locale":"fr_FR","og_type":"article","og_title":"2015 - Bulles d'exil - Festival Cin\u00e9ma d&#039;ici","og_description":"Jeudi 1 octobre \u00e0 16h &nbsp; Un film de Vincent Marie et Antoine Chosson (2014). Dur\u00e9e : 52 minutes. Avec [&hellip;]","og_url":"https:\/\/cinemadautomne.fr\/?p=187","og_site_name":"Festival Cin\u00e9ma d&#039;ici","article_publisher":"https:\/\/www.facebook.com\/cinemadautomne","article_published_time":"2015-05-30T13:48:25+00:00","article_modified_time":"2016-07-24T19:43:41+00:00","author":"Vincent","twitter_card":"summary_large_image","twitter_misc":{"\u00c9crit par":"Vincent","Dur\u00e9e de lecture estim\u00e9e":"1 minute"},"schema":{"@context":"https:\/\/schema.org","@graph":[{"@type":"Article","@id":"https:\/\/cinemadautomne.fr\/?p=187#article","isPartOf":{"@id":"https:\/\/cinemadautomne.fr\/?p=187"},"author":{"name":"Vincent","@id":"https:\/\/cinemadautomne.fr\/#\/schema\/person\/a5fa7ea12fb016de4d0c111f5f07e9dd"},"headline":"2015 &#8211; Bulles d&rsquo;exil","datePublished":"2015-05-30T13:48:25+00:00","dateModified":"2016-07-24T19:43:41+00:00","mainEntityOfPage":{"@id":"https:\/\/cinemadautomne.fr\/?p=187"},"wordCount":243,"publisher":{"@id":"https:\/\/cinemadautomne.fr\/#organization"},"articleSection":["Autres films en r\u00e9gion (2015)","Films (2015)"],"inLanguage":"fr-FR"},{"@type":"WebPage","@id":"https:\/\/cinemadautomne.fr\/?p=187","url":"https:\/\/cinemadautomne.fr\/?p=187","name":"2015 - Bulles d'exil - Festival Cin\u00e9ma d&#039;ici","isPartOf":{"@id":"https:\/\/cinemadautomne.fr\/#website"},"datePublished":"2015-05-30T13:48:25+00:00","dateModified":"2016-07-24T19:43:41+00:00","breadcrumb":{"@id":"https:\/\/cinemadautomne.fr\/?p=187#breadcrumb"},"inLanguage":"fr-FR","potentialAction":[{"@type":"ReadAction","target":["https:\/\/cinemadautomne.fr\/?p=187"]}]},{"@type":"BreadcrumbList","@id":"https:\/\/cinemadautomne.fr\/?p=187#breadcrumb","itemListElement":[{"@type":"ListItem","position":1,"name":"Accueil","item":"https:\/\/cinemadautomne.fr\/"},{"@type":"ListItem","position":2,"name":"2015 &#8211; Bulles d&rsquo;exil"}]},{"@type":"WebSite","@id":"https:\/\/cinemadautomne.fr\/#website","url":"https:\/\/cinemadautomne.fr\/","name":"Festival Cin\u00e9ma d'ici","description":"du 24 au 28 septembre \u00e0 Castelnaudary","publisher":{"@id":"https:\/\/cinemadautomne.fr\/#organization"},"potentialAction":[{"@type":"SearchAction","target":{"@type":"EntryPoint","urlTemplate":"https:\/\/cinemadautomne.fr\/?s={search_term_string}"},"query-input":{"@type":"PropertyValueSpecification","valueRequired":true,"valueName":"search_term_string"}}],"inLanguage":"fr-FR"},{"@type":"Organization","@id":"https:\/\/cinemadautomne.fr\/#organization","name":"Festival Cin\u00e9ma d'ici","url":"https:\/\/cinemadautomne.fr\/","logo":{"@type":"ImageObject","inLanguage":"fr-FR","@id":"https:\/\/cinemadautomne.fr\/#\/schema\/logo\/image\/","url":"https:\/\/cinemadautomne.fr\/wp-content\/uploads\/2021\/09\/CinemaDAutomnedivers_LogoFinal_03LieDeVin_RVB_Plan-de-travail-1-e1631457910433.jpg","contentUrl":"https:\/\/cinemadautomne.fr\/wp-content\/uploads\/2021\/09\/CinemaDAutomnedivers_LogoFinal_03LieDeVin_RVB_Plan-de-travail-1-e1631457910433.jpg","width":350,"height":223,"caption":"Festival Cin\u00e9ma d'ici"},"image":{"@id":"https:\/\/cinemadautomne.fr\/#\/schema\/logo\/image\/"},"sameAs":["https:\/\/www.facebook.com\/cinemadautomne","https:\/\/www.instagram.com\/festivalcineautomne\/"]},{"@type":"Person","@id":"https:\/\/cinemadautomne.fr\/#\/schema\/person\/a5fa7ea12fb016de4d0c111f5f07e9dd","name":"Vincent","image":{"@type":"ImageObject","inLanguage":"fr-FR","@id":"https:\/\/cinemadautomne.fr\/#\/schema\/person\/image\/","url":"https:\/\/secure.gravatar.com\/avatar\/c5c18e4565b8b8eeaa93015aff80c215039021fe9df0ce28568cb10397fcdae4?s=96&d=mm&r=g","contentUrl":"https:\/\/secure.gravatar.com\/avatar\/c5c18e4565b8b8eeaa93015aff80c215039021fe9df0ce28568cb10397fcdae4?s=96&d=mm&r=g","caption":"Vincent"},"url":"https:\/\/cinemadautomne.fr\/?author=1"}]}},"_links":{"self":[{"href":"https:\/\/cinemadautomne.fr\/index.php?rest_route=\/wp\/v2\/posts\/187","targetHints":{"allow":["GET"]}}],"collection":[{"href":"https:\/\/cinemadautomne.fr\/index.php?rest_route=\/wp\/v2\/posts"}],"about":[{"href":"https:\/\/cinemadautomne.fr\/index.php?rest_route=\/wp\/v2\/types\/post"}],"author":[{"embeddable":true,"href":"https:\/\/cinemadautomne.fr\/index.php?rest_route=\/wp\/v2\/users\/1"}],"replies":[{"embeddable":true,"href":"https:\/\/cinemadautomne.fr\/index.php?rest_route=%2Fwp%2Fv2%2Fcomments&post=187"}],"version-history":[{"count":6,"href":"https:\/\/cinemadautomne.fr\/index.php?rest_route=\/wp\/v2\/posts\/187\/revisions"}],"predecessor-version":[{"id":1147,"href":"https:\/\/cinemadautomne.fr\/index.php?rest_route=\/wp\/v2\/posts\/187\/revisions\/1147"}],"wp:attachment":[{"href":"https:\/\/cinemadautomne.fr\/index.php?rest_route=%2Fwp%2Fv2%2Fmedia&parent=187"}],"wp:term":[{"taxonomy":"category","embeddable":true,"href":"https:\/\/cinemadautomne.fr\/index.php?rest_route=%2Fwp%2Fv2%2Fcategories&post=187"},{"taxonomy":"post_tag","embeddable":true,"href":"https:\/\/cinemadautomne.fr\/index.php?rest_route=%2Fwp%2Fv2%2Ftags&post=187"}],"curies":[{"name":"wp","href":"https:\/\/api.w.org\/{rel}","templated":true}]}}