{"id":160,"date":"2015-05-30T14:00:22","date_gmt":"2015-05-30T14:00:22","guid":{"rendered":"http:\/\/cinemadautomne.fr\/?p=160"},"modified":"2016-07-24T19:43:37","modified_gmt":"2016-07-24T19:43:37","slug":"alice-reloaded","status":"publish","type":"post","link":"https:\/\/cinemadautomne.fr\/?p=160","title":{"rendered":"2015 &#8211; Alice Reloaded"},"content":{"rendered":"<h3 style=\"text-align: center;\"><span style=\"color: #ff0000;\">Mercredi 30 septembre \u00e0 19h<br \/>\nOuverture du festival<br \/>\n<\/span><\/h3>\n<p>&nbsp;<\/p>\n<p><strong>Cin\u00e9-concert \u00e0 partir d&rsquo;Alice in Wonderland de WW Young (1915). Dur\u00e9e : 50 minutes<\/strong><\/p>\n<p style=\"text-align: left;\">\u00ab Alice commen\u00e7ait \u00e0 en avoir assez d&rsquo;\u00eatre assise sur le talus pr\u00e8s de sa soeur \u00e0 ne rien faire : une fois ou<br \/>\ndeux elle avait gliss\u00e9 un oeil sur le livre que lisait sa soeur, mais il n&rsquo;y avait dedans ni image ni dialogue,<br \/>\n\u00ab\u00a0et \u00e0 quoi sert un livre\u00a0\u00bb , pensait Alice, \u00a0\u00bb sans images ni dialogues ? \u00a0\u00bb \u00bb<\/p>\n<p style=\"text-align: right;\">CARROLL, Lewis : Alice in wonderland, 1865.<\/p>\n<p>Et elle avait raison \u2026<br \/>\nPourquoi ne pas se pencher sur une nouvelle version de ce texte in\u00e9puisable \u00e0 partir d&rsquo;un film muet du<br \/>\nsi\u00e8cle dernier, et faire revivre les images qui relatent l&rsquo;imaginaire d\u00e9bordant d&rsquo;une petite fille jusqu&rsquo;\u00e0 la<br \/>\nperdre dans ses r\u00eaves ?<br \/>\n\u00ab\u00a0ALICE Reloaded\u00a0\u00bb, projet multiforme de MONOTONE.LAB\/STIMULI revisite, 100 ans apr\u00e8s, le son et l&rsquo;image<br \/>\ndu film \u00ab\u00a0Alice in wonderland\u00a0\u00bb de W.W. Young lors d&rsquo;un cin\u00e9-concert d&rsquo;une heure.<br \/>\nAlice est accompagn\u00e9e par un trio rock (guit-bass-bat). La musique va venir modifier l&rsquo;image gr\u00e2ce aux<br \/>\noutils d&rsquo;aujourd&rsquo;hui, issus du logiciel libre, pour coloriser et titiller les pixels tout au long de son p\u00e9riple au<br \/>\npays des merveilles.<\/p>\n<p style=\"text-align: right;\">Musique : MONOTONE.LAB Removedust<br \/>\nTexte : Lewis Carroll<br \/>\nFilm : W.W. Young 1915<\/p>\n<p style=\"text-align: left;\"><img fetchpriority=\"high\" decoding=\"async\" class=\" size-full wp-image-162 aligncenter\" src=\"https:\/\/cinemadautomne.fr\/wp-content\/uploads\/2015\/06\/Alice2.jpg\" alt=\"Alice2\" width=\"800\" height=\"600\" \/><\/p>\n<p style=\"text-align: left;\"><strong>Les artisans du projet<\/strong><\/p>\n<p><span style=\"text-decoration: underline;\">Franck Nizier<\/span> : Guitariste programmateur bidouilleur<br \/>\nAuteur\/compositeur\/producteur\/plasticien.<br \/>\nFondateur de Monotone.lab, aime placer la sensibilit\u00e9 et la monotonie au centre de sa cr\u00e9ation.<br \/>\nApr\u00e8s plusieurs exp\u00e9riences Live (guit\/machine\/visuel) http:\/\/monotone.lab.free.fr\/ et un premier pas dans la<br \/>\ncr\u00e9ation d&rsquo;une BO cin\u00e9 concert &lsquo;THX 1138 4eb&rsquo; en 2013, le moment \u00e9tait venu de s&rsquo;atteler au chef d\u2019oeuvre<br \/>\nlitt\u00e9raire de Lewis Carroll par le biais de la BO du compositeur &lsquo;John Barry&rsquo; (1972) qui inspira son enfance&#8230;<\/p>\n<p style=\"text-align: left;\"><span style=\"text-decoration: underline;\">Jamy Delrieu<\/span> : Batterie<br \/>\nTomb\u00e9 dans la marmite du punk rock dans les ann\u00e9es 80, il n&rsquo;en est pas tout \u00e0 fait ressorti. Derri\u00e8re sa batterie<br \/>\nil a ,de groupes en groupes, diversifi\u00e9 sa palette musicale.<br \/>\nEt puis il a aussi lev\u00e9 la t\u00eate vers le ciel et est devenu m\u00e9diateur scientifique en astronomie. Dans ce cadre il<br \/>\npropose des animations en milieu scolaire mais aussi des soir\u00e9es d&rsquo;observations \u00e0 domicile. http:\/\/stimuli.toff.<br \/>\nfr\/etoiles-jardin-presentation.html<br \/>\nIl travaille par ailleurs \u00e0 la m\u00e9diath\u00e8que de Castelnaudary o\u00f9 il est en charge de l&rsquo;ensemble des m\u00e9diations en<br \/>\ninformatiques , d&rsquo;animations, de l&rsquo;aide technique aux compagnies lors de spectacles \u2026..entre autres ..\u2026<\/p>\n<p style=\"text-align: left;\"><span style=\"text-decoration: underline;\">Christophe Richard<\/span> : Basse<br \/>\nGuitariste blues rock au d\u00e9part, au fil des ann\u00e9es il aime exp\u00e9rimenter et s&rsquo;aventurer dans diff\u00e9rents univers<br \/>\nmusicaux, pour ne surtout pas rester enferm\u00e9 dans un style bien \u00e9tiquet\u00e9 et catalogu\u00e9.<br \/>\nSon parcours musical est riche de rencontres, dont il apprend et se nourrit \u00e0 chaque fois.<br \/>\nLe monde de l&rsquo;informatique va \u00e9galement susciter de l&rsquo;int\u00e9r\u00eat chez lui quand, tr\u00e8s vite, il va r\u00e9aliser le champ<br \/>\ndes possibles qui s&rsquo;ouvre via cet outils.<br \/>\nTout naturellement les arts num\u00e9riques, aux croisements de diff\u00e9rentes disciplines, sont pour lui un formidable<br \/>\nterrain de jeu et de d\u00e9couverte o\u00f9 peuvent se m\u00ealer sons et images et les interactions possibles entre la<br \/>\nmachine et son environnement.<br \/>\nUne partie de l&rsquo;iceberg est audible ici https:\/\/soundcloud.com\/t-off-2<\/p>\n<p style=\"text-align: left;\"><strong>Le spectacle est une coproduction de Stimuli\/Monotone Lab<\/strong><\/p>\n<p style=\"text-align: left;\"><span style=\"text-decoration: underline;\">Stimuli :<\/span> association de plus de 15 ans d&rsquo;existence qui se propose de soutenir tout projet visant \u00e0<br \/>\nstimuler les 5 sens. De la musique, des arts graphiques, de la photo, des animations scientifiques autour de<br \/>\nl&rsquo;astronomie, la palette est large pour les stimuliens.<br \/>\nUn projet comme celui d&rsquo;Alice Reloaded a de toute \u00e9vidence sa place dans le monde de Stimuli.<\/p>\n<p style=\"text-align: left;\"><span style=\"text-decoration: underline;\">Monotone Lab<\/span> : http:\/\/monotone.lab.free.fr\/<br \/>\n-monotone : adjectif. Qui est toujours sur le m\u00eame ton. -lab : Labo, Label.<br \/>\nNetLabel Autoprod dans les ann\u00e9es 90 permettant de diffuser et d&rsquo;explorer diff\u00e9rent style musicaux<br \/>\n-Enregistrements\/Compositions\/live (Mont\u00e9vid\u00e9o Labo)-<br \/>\nDes instrumentaux qui allient l&rsquo;\u00e9lectro avec des volutes de Coldwave parfum\u00e9es de Noisy Pop.<br \/>\nMoNoToNe.lab renoue avec le mouvement No Wave, qui fut \u00e0 l\u2019origine de nombreux courants musicaux.<br \/>\nAu fil des ann\u00e9es le projet utopique MoNoToNe.Lab poursuit sa route d&rsquo;exp\u00e9rimentation\/live et prendra<br \/>\nplusieurs formes en solo ou accompagn\u00e9&#8230;(live machine\/instru\/Guitare ambiante\/perfo).<br \/>\nC&rsquo;est en 2011 que rejoins Christophe R. \u00e0 la basse et par la suite Jamy D.(bat) pour form\u00e9e la nouvelle formule<br \/>\nen trio &lsquo;MoNoToNe.Lab Removedust&rsquo;&#8230;<\/p>\n<p>&nbsp;<\/p>\n<p style=\"text-align: right;\">\u2192\u00a0\u00a0\u00a0\u00a0\u00a0 <a href=\"http:\/\/stimuli.t-off.fr\/musique\/item\/103-alice-reloaded.html\" target=\"_blank\">http:\/\/stimuli.t-off.fr\/musique\/item\/103-alice-reloaded.html<\/a><\/p>\n<p>&nbsp;<\/p>\n\n<!-- AddThis Advanced Settings generic via filter on the_content --><!-- AddThis Share Buttons generic via filter on the_content -->","protected":false},"excerpt":{"rendered":"<p>Mercredi 30 septembre \u00e0 19h Ouverture du festival &nbsp; Cin\u00e9-concert \u00e0 partir d&rsquo;Alice in Wonderland de WW Young (1915). Dur\u00e9e [&hellip;]<!-- AddThis Advanced Settings generic via filter on get_the_excerpt --><!-- AddThis Share Buttons generic via filter on get_the_excerpt --><\/p>\n","protected":false},"author":1,"featured_media":0,"comment_status":"closed","ping_status":"closed","sticky":false,"template":"","format":"standard","meta":{"site-sidebar-layout":"default","site-content-layout":"","ast-site-content-layout":"default","site-content-style":"default","site-sidebar-style":"default","ast-global-header-display":"","ast-banner-title-visibility":"","ast-main-header-display":"","ast-hfb-above-header-display":"","ast-hfb-below-header-display":"","ast-hfb-mobile-header-display":"","site-post-title":"","ast-breadcrumbs-content":"","ast-featured-img":"","footer-sml-layout":"","theme-transparent-header-meta":"","adv-header-id-meta":"","stick-header-meta":"","header-above-stick-meta":"","header-main-stick-meta":"","header-below-stick-meta":"","astra-migrate-meta-layouts":"default","ast-page-background-enabled":"default","ast-page-background-meta":{"desktop":{"background-color":"var(--ast-global-color-5)","background-image":"","background-repeat":"repeat","background-position":"center center","background-size":"auto","background-attachment":"scroll","background-type":"","background-media":"","overlay-type":"","overlay-color":"","overlay-opacity":"","overlay-gradient":""},"tablet":{"background-color":"","background-image":"","background-repeat":"repeat","background-position":"center center","background-size":"auto","background-attachment":"scroll","background-type":"","background-media":"","overlay-type":"","overlay-color":"","overlay-opacity":"","overlay-gradient":""},"mobile":{"background-color":"","background-image":"","background-repeat":"repeat","background-position":"center center","background-size":"auto","background-attachment":"scroll","background-type":"","background-media":"","overlay-type":"","overlay-color":"","overlay-opacity":"","overlay-gradient":""}},"ast-content-background-meta":{"desktop":{"background-color":"var(--ast-global-color-4)","background-image":"","background-repeat":"repeat","background-position":"center center","background-size":"auto","background-attachment":"scroll","background-type":"","background-media":"","overlay-type":"","overlay-color":"","overlay-opacity":"","overlay-gradient":""},"tablet":{"background-color":"var(--ast-global-color-4)","background-image":"","background-repeat":"repeat","background-position":"center center","background-size":"auto","background-attachment":"scroll","background-type":"","background-media":"","overlay-type":"","overlay-color":"","overlay-opacity":"","overlay-gradient":""},"mobile":{"background-color":"var(--ast-global-color-4)","background-image":"","background-repeat":"repeat","background-position":"center center","background-size":"auto","background-attachment":"scroll","background-type":"","background-media":"","overlay-type":"","overlay-color":"","overlay-opacity":"","overlay-gradient":""}},"footnotes":""},"categories":[17,3],"tags":[],"class_list":["post-160","post","type-post","status-publish","format-standard","hentry","category-autres-films-en-region","category-films"],"yoast_head":"<!-- This site is optimized with the Yoast SEO plugin v25.5 - https:\/\/yoast.com\/wordpress\/plugins\/seo\/ -->\n<title>2015 - Alice Reloaded - Festival Cin\u00e9ma d&#039;ici<\/title>\n<meta name=\"robots\" content=\"index, follow, max-snippet:-1, max-image-preview:large, max-video-preview:-1\" \/>\n<link rel=\"canonical\" href=\"https:\/\/cinemadautomne.fr\/?p=160\" \/>\n<meta property=\"og:locale\" content=\"fr_FR\" \/>\n<meta property=\"og:type\" content=\"article\" \/>\n<meta property=\"og:title\" content=\"2015 - Alice Reloaded - Festival Cin\u00e9ma d&#039;ici\" \/>\n<meta property=\"og:description\" content=\"Mercredi 30 septembre \u00e0 19h Ouverture du festival &nbsp; Cin\u00e9-concert \u00e0 partir d&rsquo;Alice in Wonderland de WW Young (1915). Dur\u00e9e [&hellip;]\" \/>\n<meta property=\"og:url\" content=\"https:\/\/cinemadautomne.fr\/?p=160\" \/>\n<meta property=\"og:site_name\" content=\"Festival Cin\u00e9ma d&#039;ici\" \/>\n<meta property=\"article:publisher\" content=\"https:\/\/www.facebook.com\/cinemadautomne\" \/>\n<meta property=\"article:published_time\" content=\"2015-05-30T14:00:22+00:00\" \/>\n<meta property=\"article:modified_time\" content=\"2016-07-24T19:43:37+00:00\" \/>\n<meta property=\"og:image\" content=\"http:\/\/cinemadautomne.fr\/wp-content\/uploads\/2015\/06\/Alice2.jpg\" \/>\n<meta name=\"author\" content=\"Vincent\" \/>\n<meta name=\"twitter:card\" content=\"summary_large_image\" \/>\n<meta name=\"twitter:label1\" content=\"\u00c9crit par\" \/>\n\t<meta name=\"twitter:data1\" content=\"Vincent\" \/>\n\t<meta name=\"twitter:label2\" content=\"Dur\u00e9e de lecture estim\u00e9e\" \/>\n\t<meta name=\"twitter:data2\" content=\"4 minutes\" \/>\n<script type=\"application\/ld+json\" class=\"yoast-schema-graph\">{\"@context\":\"https:\/\/schema.org\",\"@graph\":[{\"@type\":\"Article\",\"@id\":\"https:\/\/cinemadautomne.fr\/?p=160#article\",\"isPartOf\":{\"@id\":\"https:\/\/cinemadautomne.fr\/?p=160\"},\"author\":{\"name\":\"Vincent\",\"@id\":\"https:\/\/cinemadautomne.fr\/#\/schema\/person\/a5fa7ea12fb016de4d0c111f5f07e9dd\"},\"headline\":\"2015 &#8211; Alice Reloaded\",\"datePublished\":\"2015-05-30T14:00:22+00:00\",\"dateModified\":\"2016-07-24T19:43:37+00:00\",\"mainEntityOfPage\":{\"@id\":\"https:\/\/cinemadautomne.fr\/?p=160\"},\"wordCount\":791,\"publisher\":{\"@id\":\"https:\/\/cinemadautomne.fr\/#organization\"},\"image\":{\"@id\":\"https:\/\/cinemadautomne.fr\/?p=160#primaryimage\"},\"thumbnailUrl\":\"http:\/\/cinemadautomne.fr\/wp-content\/uploads\/2015\/06\/Alice2.jpg\",\"articleSection\":[\"Autres films en r\u00e9gion (2015)\",\"Films (2015)\"],\"inLanguage\":\"fr-FR\"},{\"@type\":\"WebPage\",\"@id\":\"https:\/\/cinemadautomne.fr\/?p=160\",\"url\":\"https:\/\/cinemadautomne.fr\/?p=160\",\"name\":\"2015 - Alice Reloaded - Festival Cin\u00e9ma d&#039;ici\",\"isPartOf\":{\"@id\":\"https:\/\/cinemadautomne.fr\/#website\"},\"primaryImageOfPage\":{\"@id\":\"https:\/\/cinemadautomne.fr\/?p=160#primaryimage\"},\"image\":{\"@id\":\"https:\/\/cinemadautomne.fr\/?p=160#primaryimage\"},\"thumbnailUrl\":\"http:\/\/cinemadautomne.fr\/wp-content\/uploads\/2015\/06\/Alice2.jpg\",\"datePublished\":\"2015-05-30T14:00:22+00:00\",\"dateModified\":\"2016-07-24T19:43:37+00:00\",\"breadcrumb\":{\"@id\":\"https:\/\/cinemadautomne.fr\/?p=160#breadcrumb\"},\"inLanguage\":\"fr-FR\",\"potentialAction\":[{\"@type\":\"ReadAction\",\"target\":[\"https:\/\/cinemadautomne.fr\/?p=160\"]}]},{\"@type\":\"ImageObject\",\"inLanguage\":\"fr-FR\",\"@id\":\"https:\/\/cinemadautomne.fr\/?p=160#primaryimage\",\"url\":\"\",\"contentUrl\":\"\"},{\"@type\":\"BreadcrumbList\",\"@id\":\"https:\/\/cinemadautomne.fr\/?p=160#breadcrumb\",\"itemListElement\":[{\"@type\":\"ListItem\",\"position\":1,\"name\":\"Accueil\",\"item\":\"https:\/\/cinemadautomne.fr\/\"},{\"@type\":\"ListItem\",\"position\":2,\"name\":\"2015 &#8211; Alice Reloaded\"}]},{\"@type\":\"WebSite\",\"@id\":\"https:\/\/cinemadautomne.fr\/#website\",\"url\":\"https:\/\/cinemadautomne.fr\/\",\"name\":\"Festival Cin\u00e9ma d'ici\",\"description\":\"du 24 au 28 septembre \u00e0 Castelnaudary\",\"publisher\":{\"@id\":\"https:\/\/cinemadautomne.fr\/#organization\"},\"potentialAction\":[{\"@type\":\"SearchAction\",\"target\":{\"@type\":\"EntryPoint\",\"urlTemplate\":\"https:\/\/cinemadautomne.fr\/?s={search_term_string}\"},\"query-input\":{\"@type\":\"PropertyValueSpecification\",\"valueRequired\":true,\"valueName\":\"search_term_string\"}}],\"inLanguage\":\"fr-FR\"},{\"@type\":\"Organization\",\"@id\":\"https:\/\/cinemadautomne.fr\/#organization\",\"name\":\"Festival Cin\u00e9ma d'ici\",\"url\":\"https:\/\/cinemadautomne.fr\/\",\"logo\":{\"@type\":\"ImageObject\",\"inLanguage\":\"fr-FR\",\"@id\":\"https:\/\/cinemadautomne.fr\/#\/schema\/logo\/image\/\",\"url\":\"https:\/\/cinemadautomne.fr\/wp-content\/uploads\/2021\/09\/CinemaDAutomnedivers_LogoFinal_03LieDeVin_RVB_Plan-de-travail-1-e1631457910433.jpg\",\"contentUrl\":\"https:\/\/cinemadautomne.fr\/wp-content\/uploads\/2021\/09\/CinemaDAutomnedivers_LogoFinal_03LieDeVin_RVB_Plan-de-travail-1-e1631457910433.jpg\",\"width\":350,\"height\":223,\"caption\":\"Festival Cin\u00e9ma d'ici\"},\"image\":{\"@id\":\"https:\/\/cinemadautomne.fr\/#\/schema\/logo\/image\/\"},\"sameAs\":[\"https:\/\/www.facebook.com\/cinemadautomne\",\"https:\/\/www.instagram.com\/festivalcineautomne\/\"]},{\"@type\":\"Person\",\"@id\":\"https:\/\/cinemadautomne.fr\/#\/schema\/person\/a5fa7ea12fb016de4d0c111f5f07e9dd\",\"name\":\"Vincent\",\"image\":{\"@type\":\"ImageObject\",\"inLanguage\":\"fr-FR\",\"@id\":\"https:\/\/cinemadautomne.fr\/#\/schema\/person\/image\/\",\"url\":\"https:\/\/secure.gravatar.com\/avatar\/c5c18e4565b8b8eeaa93015aff80c215039021fe9df0ce28568cb10397fcdae4?s=96&d=mm&r=g\",\"contentUrl\":\"https:\/\/secure.gravatar.com\/avatar\/c5c18e4565b8b8eeaa93015aff80c215039021fe9df0ce28568cb10397fcdae4?s=96&d=mm&r=g\",\"caption\":\"Vincent\"},\"url\":\"https:\/\/cinemadautomne.fr\/?author=1\"}]}<\/script>\n<!-- \/ Yoast SEO plugin. -->","yoast_head_json":{"title":"2015 - Alice Reloaded - Festival Cin\u00e9ma d&#039;ici","robots":{"index":"index","follow":"follow","max-snippet":"max-snippet:-1","max-image-preview":"max-image-preview:large","max-video-preview":"max-video-preview:-1"},"canonical":"https:\/\/cinemadautomne.fr\/?p=160","og_locale":"fr_FR","og_type":"article","og_title":"2015 - Alice Reloaded - Festival Cin\u00e9ma d&#039;ici","og_description":"Mercredi 30 septembre \u00e0 19h Ouverture du festival &nbsp; Cin\u00e9-concert \u00e0 partir d&rsquo;Alice in Wonderland de WW Young (1915). Dur\u00e9e [&hellip;]","og_url":"https:\/\/cinemadautomne.fr\/?p=160","og_site_name":"Festival Cin\u00e9ma d&#039;ici","article_publisher":"https:\/\/www.facebook.com\/cinemadautomne","article_published_time":"2015-05-30T14:00:22+00:00","article_modified_time":"2016-07-24T19:43:37+00:00","og_image":[{"url":"http:\/\/cinemadautomne.fr\/wp-content\/uploads\/2015\/06\/Alice2.jpg","type":"","width":"","height":""}],"author":"Vincent","twitter_card":"summary_large_image","twitter_misc":{"\u00c9crit par":"Vincent","Dur\u00e9e de lecture estim\u00e9e":"4 minutes"},"schema":{"@context":"https:\/\/schema.org","@graph":[{"@type":"Article","@id":"https:\/\/cinemadautomne.fr\/?p=160#article","isPartOf":{"@id":"https:\/\/cinemadautomne.fr\/?p=160"},"author":{"name":"Vincent","@id":"https:\/\/cinemadautomne.fr\/#\/schema\/person\/a5fa7ea12fb016de4d0c111f5f07e9dd"},"headline":"2015 &#8211; Alice Reloaded","datePublished":"2015-05-30T14:00:22+00:00","dateModified":"2016-07-24T19:43:37+00:00","mainEntityOfPage":{"@id":"https:\/\/cinemadautomne.fr\/?p=160"},"wordCount":791,"publisher":{"@id":"https:\/\/cinemadautomne.fr\/#organization"},"image":{"@id":"https:\/\/cinemadautomne.fr\/?p=160#primaryimage"},"thumbnailUrl":"http:\/\/cinemadautomne.fr\/wp-content\/uploads\/2015\/06\/Alice2.jpg","articleSection":["Autres films en r\u00e9gion (2015)","Films (2015)"],"inLanguage":"fr-FR"},{"@type":"WebPage","@id":"https:\/\/cinemadautomne.fr\/?p=160","url":"https:\/\/cinemadautomne.fr\/?p=160","name":"2015 - Alice Reloaded - Festival Cin\u00e9ma d&#039;ici","isPartOf":{"@id":"https:\/\/cinemadautomne.fr\/#website"},"primaryImageOfPage":{"@id":"https:\/\/cinemadautomne.fr\/?p=160#primaryimage"},"image":{"@id":"https:\/\/cinemadautomne.fr\/?p=160#primaryimage"},"thumbnailUrl":"http:\/\/cinemadautomne.fr\/wp-content\/uploads\/2015\/06\/Alice2.jpg","datePublished":"2015-05-30T14:00:22+00:00","dateModified":"2016-07-24T19:43:37+00:00","breadcrumb":{"@id":"https:\/\/cinemadautomne.fr\/?p=160#breadcrumb"},"inLanguage":"fr-FR","potentialAction":[{"@type":"ReadAction","target":["https:\/\/cinemadautomne.fr\/?p=160"]}]},{"@type":"ImageObject","inLanguage":"fr-FR","@id":"https:\/\/cinemadautomne.fr\/?p=160#primaryimage","url":"","contentUrl":""},{"@type":"BreadcrumbList","@id":"https:\/\/cinemadautomne.fr\/?p=160#breadcrumb","itemListElement":[{"@type":"ListItem","position":1,"name":"Accueil","item":"https:\/\/cinemadautomne.fr\/"},{"@type":"ListItem","position":2,"name":"2015 &#8211; Alice Reloaded"}]},{"@type":"WebSite","@id":"https:\/\/cinemadautomne.fr\/#website","url":"https:\/\/cinemadautomne.fr\/","name":"Festival Cin\u00e9ma d'ici","description":"du 24 au 28 septembre \u00e0 Castelnaudary","publisher":{"@id":"https:\/\/cinemadautomne.fr\/#organization"},"potentialAction":[{"@type":"SearchAction","target":{"@type":"EntryPoint","urlTemplate":"https:\/\/cinemadautomne.fr\/?s={search_term_string}"},"query-input":{"@type":"PropertyValueSpecification","valueRequired":true,"valueName":"search_term_string"}}],"inLanguage":"fr-FR"},{"@type":"Organization","@id":"https:\/\/cinemadautomne.fr\/#organization","name":"Festival Cin\u00e9ma d'ici","url":"https:\/\/cinemadautomne.fr\/","logo":{"@type":"ImageObject","inLanguage":"fr-FR","@id":"https:\/\/cinemadautomne.fr\/#\/schema\/logo\/image\/","url":"https:\/\/cinemadautomne.fr\/wp-content\/uploads\/2021\/09\/CinemaDAutomnedivers_LogoFinal_03LieDeVin_RVB_Plan-de-travail-1-e1631457910433.jpg","contentUrl":"https:\/\/cinemadautomne.fr\/wp-content\/uploads\/2021\/09\/CinemaDAutomnedivers_LogoFinal_03LieDeVin_RVB_Plan-de-travail-1-e1631457910433.jpg","width":350,"height":223,"caption":"Festival Cin\u00e9ma d'ici"},"image":{"@id":"https:\/\/cinemadautomne.fr\/#\/schema\/logo\/image\/"},"sameAs":["https:\/\/www.facebook.com\/cinemadautomne","https:\/\/www.instagram.com\/festivalcineautomne\/"]},{"@type":"Person","@id":"https:\/\/cinemadautomne.fr\/#\/schema\/person\/a5fa7ea12fb016de4d0c111f5f07e9dd","name":"Vincent","image":{"@type":"ImageObject","inLanguage":"fr-FR","@id":"https:\/\/cinemadautomne.fr\/#\/schema\/person\/image\/","url":"https:\/\/secure.gravatar.com\/avatar\/c5c18e4565b8b8eeaa93015aff80c215039021fe9df0ce28568cb10397fcdae4?s=96&d=mm&r=g","contentUrl":"https:\/\/secure.gravatar.com\/avatar\/c5c18e4565b8b8eeaa93015aff80c215039021fe9df0ce28568cb10397fcdae4?s=96&d=mm&r=g","caption":"Vincent"},"url":"https:\/\/cinemadautomne.fr\/?author=1"}]}},"_links":{"self":[{"href":"https:\/\/cinemadautomne.fr\/index.php?rest_route=\/wp\/v2\/posts\/160","targetHints":{"allow":["GET"]}}],"collection":[{"href":"https:\/\/cinemadautomne.fr\/index.php?rest_route=\/wp\/v2\/posts"}],"about":[{"href":"https:\/\/cinemadautomne.fr\/index.php?rest_route=\/wp\/v2\/types\/post"}],"author":[{"embeddable":true,"href":"https:\/\/cinemadautomne.fr\/index.php?rest_route=\/wp\/v2\/users\/1"}],"replies":[{"embeddable":true,"href":"https:\/\/cinemadautomne.fr\/index.php?rest_route=%2Fwp%2Fv2%2Fcomments&post=160"}],"version-history":[{"count":8,"href":"https:\/\/cinemadautomne.fr\/index.php?rest_route=\/wp\/v2\/posts\/160\/revisions"}],"predecessor-version":[{"id":1146,"href":"https:\/\/cinemadautomne.fr\/index.php?rest_route=\/wp\/v2\/posts\/160\/revisions\/1146"}],"wp:attachment":[{"href":"https:\/\/cinemadautomne.fr\/index.php?rest_route=%2Fwp%2Fv2%2Fmedia&parent=160"}],"wp:term":[{"taxonomy":"category","embeddable":true,"href":"https:\/\/cinemadautomne.fr\/index.php?rest_route=%2Fwp%2Fv2%2Fcategories&post=160"},{"taxonomy":"post_tag","embeddable":true,"href":"https:\/\/cinemadautomne.fr\/index.php?rest_route=%2Fwp%2Fv2%2Ftags&post=160"}],"curies":[{"name":"wp","href":"https:\/\/api.w.org\/{rel}","templated":true}]}}